{"id":171837,"date":"2025-04-11T13:42:52","date_gmt":"2025-04-11T12:42:52","guid":{"rendered":"https:\/\/www.libertaepersona.org\/wordpress\/?p=171837"},"modified":"2025-04-11T13:45:04","modified_gmt":"2025-04-11T12:45:04","slug":"de-gasperi-non-guardo-mai-a-sinistra","status":"publish","type":"post","link":"https:\/\/www.libertaepersona.org\/wordpress\/2025\/04\/de-gasperi-non-guardo-mai-a-sinistra\/","title":{"rendered":"De Gasperi non guard\u00f2 mai a sinistra"},"content":{"rendered":"\n<figure class=\"wp-block-image size-full\"><a href=\"https:\/\/www.libertaepersona.org\/wordpress\/wp-content\/uploads\/2025\/04\/alcide.png\"><img decoding=\"async\" width=\"735\" height=\"153\" data-src=\"https:\/\/www.libertaepersona.org\/wordpress\/wp-content\/uploads\/2025\/04\/alcide.png\" alt=\"\" class=\"wp-image-171838 lazyload\" data-srcset=\"https:\/\/www.libertaepersona.org\/wordpress\/wp-content\/uploads\/2025\/04\/alcide.png 735w, https:\/\/www.libertaepersona.org\/wordpress\/wp-content\/uploads\/2025\/04\/alcide-300x62.png 300w\" data-sizes=\"(max-width: 709px) 85vw, (max-width: 909px) 67vw, (max-width: 984px) 61vw, (max-width: 1362px) 45vw, 600px\" src=\"data:image\/svg+xml;base64,PHN2ZyB3aWR0aD0iMSIgaGVpZ2h0PSIxIiB4bWxucz0iaHR0cDovL3d3dy53My5vcmcvMjAwMC9zdmciPjwvc3ZnPg==\" style=\"--smush-placeholder-width: 735px; --smush-placeholder-aspect-ratio: 735\/153;\" \/><\/a><\/figure>\n\n\n\n<p class=\"wp-block-paragraph\">Continuo a leggere che Degasperi avrebbe detto che il suo era un &#8220;centro che guarda a sinistra&#8221;.<\/p>\n\n\n\n<p class=\"wp-block-paragraph\">Ho spiegato pi\u00f9 volte che la frase estrapolata dal contesto non ha senso alcuno; lo ha spiegato anche Maria Romana Degasperi nella sua celebre autobiografia.<\/p>\n\n\n\n<p class=\"wp-block-paragraph\">Non ha senso perch\u00e8 si trovano migliaia di frasi, e, soprattutto, di fatti, che dicono l&#8217;opposto ( <a href=\"https:\/\/l.facebook.com\/l.php?u=https%3A%2F%2Fwww.amazon.it%2FDegasperi-pensiero-antifascista-sconfisse-sinistre%2Fdp%2FB0942MLNLJ%3Ffbclid%3DIwZXh0bgNhZW0CMTAAAR6egZZYiqWkemnslrkwRXiN9BjXDY1UqV2aSPga08uHW72UOig1OauCRDktpQ_aem_6YRYpnh_WoMZXuT_tqfl-w&amp;h=AT1sP338C7K4kaPZ08HZbkfhyxvB8sp7DE923qNG9VPtAhSnK6r0kVT11Qbb9lJK8sFtnmTHph3kHw8B3D3QcdQDOSn0C_HXxZYVUKF-hyzCXhgcwUfD_mNUzt7uLQSCrvRMZ6tPSQSuqg&amp;__tn__=-UK-R-R&amp;c[0]=AT1C3eVj5uB38V4yFhyNJv77mvQrFfUQspRew36ezvk-VnVqGCTVjLtvC1JWJFlKNMDxZBqaA-wjdY1I3pJxbURwdGrCp8Qw5McFpxH3volUHzYk5BsaVD4Jge5s2Jggy1APc6_GvekLc3XDHeaUYzX7dvHR\" target=\"_blank\" rel=\"noreferrer noopener\">https:\/\/www.amazon.it\/Degasperi-pensiero&#8230;\/dp\/B0942MLNLJ<\/a> )<\/p>\n\n\n\n<p class=\"wp-block-paragraph\">Anch&#8217;io ho dunque creduto a lungo, avendo letto da cento parti, che quella frase fosse stata pronunciata, ma solo per dire che la Dc aveva attenzione alle questioni operaie, senza per questo voler avere nulla a che fare con la sinistra politica.<\/p>\n\n\n\n<p class=\"wp-block-paragraph\">Mi sono poi messo a cercare nell&#8217;archivio con tutti i discorsi e i comizi e gli articoli di Degasperi:<strong> la frase semplicemente non esiste. Degasperi non la ha mai n\u00e8 detta n\u00e8 pronunciata.<\/strong><\/p>\n\n\n\n<p class=\"wp-block-paragraph\">Ho poi scoperto che qualcuno ci era gi\u00e0 arrivato.<\/p>\n\n\n\n<p class=\"wp-block-paragraph\">Cos\u00ec Aldo Cazzullo sul Corriere della Sera del 31 luglio 2024:<\/p>\n\n\n\n<p class=\"wp-block-paragraph\"><\/p>\n\n\n\n<pre class=\"wp-block-code\"><code><br><br>\"<em>Alcide De Gasperi non disse mai quella frase in pubblico, e non ci sono prove che l\u2019abbia detta in privato. L\u2019unica fonte diretta \u00e8 il diario di un uomo di Chiesa, che sostiene di averla sentita. Giulio Andreotti era convinto che non fosse mai stata pronunciata. Resta un dato oggettivo: De Gasperi tenne centinaia di comizi e di discorsi pubblici; se avesse voluto dire questa cosa, l\u2019avrebbe detta; e non l\u2019ha fatto. Al di l\u00e0 della questione linguistica, Alcide De Gasperi non guardava a sinistra, ma avanti. E non era un uomo di centrosinistra. Govern\u00f2 con i comunisti, per necessit\u00e0; ma li estromesse nella primavera del 1947, e li batt\u00e9 nettamente alle elezioni, dopo aver ricevuto insulti infamanti (in particolare lo faceva soffrire l\u2019accusa di aver gioito per l\u2019esecuzione di Cesare Battisti, con cui era stato insieme nelle galere austriache per aver chiesto un\u2019universit\u00e0 in lingua italiana). Gli anni di De Gasperi sono gli anni del centrismo, della guerra fredda, della linea dura di Scelba, con i socialisti ancora legati ai comunisti. Il centrosinistra nasce dieci anni dopo l\u2019addio di De Gasperi al governo e nove anni dopo la sua morte. In qualsiasi altro Paese al mondo, De Gasperi sarebbe considerato per quello che fu: un uomo di centrodestr<\/em>a\".<\/code><\/pre>\n\n\n\n<p class=\"wp-block-paragraph\"><\/p>\n\n\n\n<p class=\"wp-block-paragraph\"><\/p>\n","protected":false},"excerpt":{"rendered":"<p>Continuo a leggere che Degasperi avrebbe detto che il suo era un &#8220;centro che guarda a sinistra&#8221;. Ho spiegato pi\u00f9 volte che la frase estrapolata dal contesto non ha senso alcuno; lo ha spiegato anche Maria Romana Degasperi nella sua celebre autobiografia. Non ha senso perch\u00e8 si trovano migliaia di frasi, e, soprattutto, di fatti, &hellip; <a href=\"https:\/\/www.libertaepersona.org\/wordpress\/2025\/04\/de-gasperi-non-guardo-mai-a-sinistra\/\" class=\"more-link\">Continue reading<span class=\"screen-reader-text\"> &#8220;De Gasperi non guard\u00f2 mai a sinistra&#8221;<\/span><\/a><\/p>\n","protected":false},"author":2,"featured_media":180050,"comment_status":"closed","ping_status":"closed","sticky":false,"template":"","format":"standard","meta":{"rop_custom_images_group":[],"rop_custom_messages_group":[],"rop_publish_now":"initial","rop_publish_now_accounts":[],"rop_publish_now_history":[],"rop_publish_now_status":"pending","footnotes":""},"categories":[1],"tags":[],"class_list":["post-171837","post","type-post","status-publish","format-standard","has-post-thumbnail","hentry","category-senza-categoria"],"_links":{"self":[{"href":"https:\/\/www.libertaepersona.org\/wordpress\/wp-json\/wp\/v2\/posts\/171837","targetHints":{"allow":["GET"]}}],"collection":[{"href":"https:\/\/www.libertaepersona.org\/wordpress\/wp-json\/wp\/v2\/posts"}],"about":[{"href":"https:\/\/www.libertaepersona.org\/wordpress\/wp-json\/wp\/v2\/types\/post"}],"author":[{"embeddable":true,"href":"https:\/\/www.libertaepersona.org\/wordpress\/wp-json\/wp\/v2\/users\/2"}],"replies":[{"embeddable":true,"href":"https:\/\/www.libertaepersona.org\/wordpress\/wp-json\/wp\/v2\/comments?post=171837"}],"version-history":[{"count":0,"href":"https:\/\/www.libertaepersona.org\/wordpress\/wp-json\/wp\/v2\/posts\/171837\/revisions"}],"wp:featuredmedia":[{"embeddable":true,"href":"https:\/\/www.libertaepersona.org\/wordpress\/wp-json\/wp\/v2\/media\/180050"}],"wp:attachment":[{"href":"https:\/\/www.libertaepersona.org\/wordpress\/wp-json\/wp\/v2\/media?parent=171837"}],"wp:term":[{"taxonomy":"category","embeddable":true,"href":"https:\/\/www.libertaepersona.org\/wordpress\/wp-json\/wp\/v2\/categories?post=171837"},{"taxonomy":"post_tag","embeddable":true,"href":"https:\/\/www.libertaepersona.org\/wordpress\/wp-json\/wp\/v2\/tags?post=171837"}],"curies":[{"name":"wp","href":"https:\/\/api.w.org\/{rel}","templated":true}]}}