{"id":154134,"date":"2020-11-25T08:22:12","date_gmt":"2020-11-25T07:22:12","guid":{"rendered":"http:\/\/www.libertaepersona.org\/wordpress\/?p=154134"},"modified":"2020-11-25T08:22:15","modified_gmt":"2020-11-25T07:22:15","slug":"bergoglio-e-la-chiesa-in-uscita-in-edicola-con-repubblica","status":"publish","type":"post","link":"https:\/\/www.libertaepersona.org\/wordpress\/2020\/11\/bergoglio-e-la-chiesa-in-uscita-in-edicola-con-repubblica\/","title":{"rendered":"Bergoglio e la Chiesa \u201cin uscita\u201d: in edicola, con Repubblica"},"content":{"rendered":"<p><a href=\"https:\/\/www.libertaepersona.org\/wordpress\/wp-content\/uploads\/2018\/03\/Scalfari-Bergoglio.jpg\"><img decoding=\"async\" class=\"aligncenter  wp-image-146529 lazyload\" data-src=\"https:\/\/www.libertaepersona.org\/wordpress\/wp-content\/uploads\/2018\/03\/Scalfari-Bergoglio-300x266.jpg\" alt=\"\" width=\"179\" height=\"158\" data-srcset=\"https:\/\/www.libertaepersona.org\/wordpress\/wp-content\/uploads\/2018\/03\/Scalfari-Bergoglio-300x266.jpg 300w, https:\/\/www.libertaepersona.org\/wordpress\/wp-content\/uploads\/2018\/03\/Scalfari-Bergoglio.jpg 346w\" data-sizes=\"(max-width: 179px) 85vw, 179px\" src=\"data:image\/svg+xml;base64,PHN2ZyB3aWR0aD0iMSIgaGVpZ2h0PSIxIiB4bWxucz0iaHR0cDovL3d3dy53My5vcmcvMjAwMC9zdmciPjwvc3ZnPg==\" style=\"--smush-placeholder-width: 179px; --smush-placeholder-aspect-ratio: 179\/158;\" \/><\/a><\/p>\n<p>di Davide Mercurio.<\/p>\n<p>Va bene che ormai ci siamo abituati a tutto, ma anche nell\u2019era della \u201cChiesa in uscita\u201d certe cose fanno un certo effetto. Soprattutto se l\u2019uscita annunciata riguarda il nuovo libro del Papa, che dal primo dicembre \u2013 oltre che da parte della casa editrice Piemme (gruppo Mondadori) \u2013 sar\u00e0 in vendita in edicola in allegato a \u201cRepubblica\u201d.<!--more--><\/p>\n<p>\u201cRitorniamo a sognare\u201d, il titolo del volume di cui il quotidiano di largo Fochetti anticipa stamattina un ampio stralcio. E, pur legandosi strettamente all\u2019attualit\u00e0 del tema Covid, non seguir\u00e0 evidentemente la medesima sorte del \u201cPerch\u00e9 guariremo\u201d dato alle stampe e poi bloccato dal ministro della Salute Roberto Speranza.<br \/>\nIl libro di un Pontefice edito da Mondadori e distribuito da \u201cRepubblica\u201d \u00e8 una sorta di nemesi storica. E ci dice quanto le cose siano cambiate tanto nella Chiesa quanto a \u201cRepubblica\u201d, la cui ex propriet\u00e0 col gruppo editoriale di casa Berlusconi ha incrociato le lame in una guerra ultradecennale.<br \/>\nE\u2019 evidente che la \u201cRepubblica\u201d di oggi, tanto per gli editori quanto per la linea editoriale impressa dal nuovo direttore, non \u00e8 pi\u00f9 la \u201cRepubblica\u201d di una volta. E, soprattutto, fa il suo mestiere e avendo la possibilit\u00e0 di mettere a segno un colpo ha fatto bene a coglierla. E\u2019 altrettanto evidente, per\u00f2, che anche il Papato non \u00e8 pi\u00f9 quello di una volta. Ma di questo ce n\u2019eravamo accorti, e tutto sommato la distribuzione di un libro appare persino poca cosa rispetto alle modifiche dei fondamenti dottrinari attraverso le chiacchierate con Eugenio Scalfari.<br \/>\nE a proposito di quest\u2019ultimo, pare che per rimediare allo smacco l\u2019\u201dOsservatore Romano\u201d e \u201cAvvenire\u201d si preparino per tutta risposta a mandare in edicola in anteprima esclusiva la nuova fatica letteraria del Fondatore: \u201cIo e il libro di Francesco, il libro di Francesco e io\u201d. Con tutto questo ben di Dio da leggere, il lockdown ci spaventa di meno.<\/p>\n<p>fonte: <a href=\"https:\/\/loccidentale.it\/bergoglio-e-la-chiesa-in-uscita-in-edicola-con-repubblica\/\" target=\"_blank\" rel=\"noopener noreferrer\">l\u2019Occidentale<\/a><\/p>\n","protected":false},"excerpt":{"rendered":"<p>di Davide Mercurio. Va bene che ormai ci siamo abituati a tutto, ma anche nell\u2019era della \u201cChiesa in uscita\u201d certe cose fanno un certo effetto. Soprattutto se l\u2019uscita annunciata riguarda il nuovo libro del Papa, che dal primo dicembre \u2013 oltre che da parte della casa editrice Piemme (gruppo Mondadori) \u2013 sar\u00e0 in vendita in &hellip; <a href=\"https:\/\/www.libertaepersona.org\/wordpress\/2020\/11\/bergoglio-e-la-chiesa-in-uscita-in-edicola-con-repubblica\/\" class=\"more-link\">Continue reading<span class=\"screen-reader-text\"> &#8220;Bergoglio e la Chiesa \u201cin uscita\u201d: in edicola, con Repubblica&#8221;<\/span><\/a><\/p>\n","protected":false},"author":32,"featured_media":180050,"comment_status":"open","ping_status":"open","sticky":false,"template":"","format":"standard","meta":{"rop_custom_images_group":[],"rop_custom_messages_group":[],"rop_publish_now":"initial","rop_publish_now_accounts":[],"rop_publish_now_history":[],"rop_publish_now_status":"pending","footnotes":""},"categories":[153],"tags":[],"class_list":["post-154134","post","type-post","status-publish","format-standard","has-post-thumbnail","hentry","category-news-dalla-rete"],"_links":{"self":[{"href":"https:\/\/www.libertaepersona.org\/wordpress\/wp-json\/wp\/v2\/posts\/154134","targetHints":{"allow":["GET"]}}],"collection":[{"href":"https:\/\/www.libertaepersona.org\/wordpress\/wp-json\/wp\/v2\/posts"}],"about":[{"href":"https:\/\/www.libertaepersona.org\/wordpress\/wp-json\/wp\/v2\/types\/post"}],"author":[{"embeddable":true,"href":"https:\/\/www.libertaepersona.org\/wordpress\/wp-json\/wp\/v2\/users\/32"}],"replies":[{"embeddable":true,"href":"https:\/\/www.libertaepersona.org\/wordpress\/wp-json\/wp\/v2\/comments?post=154134"}],"version-history":[{"count":0,"href":"https:\/\/www.libertaepersona.org\/wordpress\/wp-json\/wp\/v2\/posts\/154134\/revisions"}],"wp:featuredmedia":[{"embeddable":true,"href":"https:\/\/www.libertaepersona.org\/wordpress\/wp-json\/wp\/v2\/media\/180050"}],"wp:attachment":[{"href":"https:\/\/www.libertaepersona.org\/wordpress\/wp-json\/wp\/v2\/media?parent=154134"}],"wp:term":[{"taxonomy":"category","embeddable":true,"href":"https:\/\/www.libertaepersona.org\/wordpress\/wp-json\/wp\/v2\/categories?post=154134"},{"taxonomy":"post_tag","embeddable":true,"href":"https:\/\/www.libertaepersona.org\/wordpress\/wp-json\/wp\/v2\/tags?post=154134"}],"curies":[{"name":"wp","href":"https:\/\/api.w.org\/{rel}","templated":true}]}}