{"id":150718,"date":"2019-08-12T10:47:40","date_gmt":"2019-08-12T09:47:40","guid":{"rendered":"http:\/\/www.libertaepersona.org\/wordpress\/?p=150718"},"modified":"2019-08-12T10:49:28","modified_gmt":"2019-08-12T09:49:28","slug":"gli-italiani-scelti-da-bergoglio-per-affossare-i-principi-non-negoziabili","status":"publish","type":"post","link":"https:\/\/www.libertaepersona.org\/wordpress\/2019\/08\/gli-italiani-scelti-da-bergoglio-per-affossare-i-principi-non-negoziabili\/","title":{"rendered":"Gli italiani scelti da Bergoglio per affossare i &#8220;principi non negoziabili&#8221;"},"content":{"rendered":"\n<div class=\"wp-block-image\"><figure class=\"aligncenter is-resized\"><img decoding=\"async\" data-src=\"https:\/\/www.libertaepersona.org\/wordpress\/wp-content\/uploads\/2019\/08\/linea-1024x566.jpg\" alt=\"\" class=\"wp-image-150719 lazyload\" width=\"512\" height=\"283\" data-srcset=\"https:\/\/www.libertaepersona.org\/wordpress\/wp-content\/uploads\/2019\/08\/linea-1024x566.jpg 1024w, https:\/\/www.libertaepersona.org\/wordpress\/wp-content\/uploads\/2019\/08\/linea-300x166.jpg 300w, https:\/\/www.libertaepersona.org\/wordpress\/wp-content\/uploads\/2019\/08\/linea-768x424.jpg 768w, https:\/\/www.libertaepersona.org\/wordpress\/wp-content\/uploads\/2019\/08\/linea.jpg 1209w\" data-sizes=\"(max-width: 512px) 85vw, 512px\" src=\"data:image\/svg+xml;base64,PHN2ZyB3aWR0aD0iMSIgaGVpZ2h0PSIxIiB4bWxucz0iaHR0cDovL3d3dy53My5vcmcvMjAwMC9zdmciPjwvc3ZnPg==\" style=\"--smush-placeholder-width: 512px; --smush-placeholder-aspect-ratio: 512\/283;\" \/><\/figure><\/div>\n\n\n\n<p class=\"wp-block-paragraph\">\n<em><strong>Come\nabbattere i pro vita e famiglia<\/strong><\/em><\/p>\n\n\n\n<p class=\"wp-block-paragraph\">Nelle precedenti puntate ci siamo soffermati sugli uomini di Bergoglio nel nord e nel sud America.  <\/p>\n\n\n\n<p class=\"wp-block-paragraph\">Dal sud, infatti, provengono molti dei suoi pi\u00f9 stretti collaboratori, mentre nel nord bisognava ribaltare l\u2019equilibrio a favore dei vescovi pro life e pro family nominati da Benedetto XVI allo scopo di rovesciare l\u2019indirizzo fortemente liberal presente nel mondo gesuita americano e dominante anche a livello gerarchico all\u2019epoca del cardinal <strong>Joseph Bernardin (<\/strong>per decenni leader della Chiesa progressista americana e promotore, nel 1988, nella diocesi di Chicago, poi travolta dallo scandalo dei preti molestatori, del primo ufficio diocesano \u201cgay\u201d negli USA, l\u2019<em>Archdiocesan  gay and lesbian outreach<\/em>).  <\/p>\n\n\n\n<p class=\"wp-block-paragraph\">Di qui la nomina di ben 3 cardinali, come si \u00e8 detto nella prima puntata, vicinissimi al molestatore omosessuale <strong>McCarrick<\/strong>, e quindi riconducibili ad una lobby apertamente filo-Lgbt (si aggiunga la recentissima nomina<em>, <\/em><strong>come arcivescovo di<\/strong><em> <\/em><strong>Washington, dell\u2019ex <\/strong> ausiliare di Bernardin, <strong>Wilton Gregory, anch\u2019egli, guarda un po\u2019, molto gayfriendly). <\/strong> <\/p>\n\n\n\n<!--more-->\n\n\n\n<p class=\"wp-block-paragraph\">Anche in Spagna, una volta eletto, Bergoglio ha voluto porre fine ad una stagione, quella della fiera resistenza cattolica alla cultura nichilista zapatera, incarnata in particolare dal cardinale di Madrid <strong>Antonio Mar\u00eda Rouco Varela<\/strong>: ha nominato prima arcivescovo di Barcellona e poi cardinale, <strong>Juan Jos\u00e9 Omella y Omella<\/strong>, \u201c<em>tra i pi\u00f9 critici riguardo la gestione della Conferenza episcopale spagnola targata Rouco Varela<\/em>\u201d.<\/p>\n\n\n\n<p class=\"wp-block-paragraph\"><em>Co<\/em>me in Spagna, cos\u00ec in Belgio: \u201ca Bruxelles, estrema periferia della cristianit\u00e0 europea, il Papa ha nominato vescovo mons. <strong>Jozef De Kesel<\/strong>, pupillo dell\u2019emerito <strong>Godfried Danneels<\/strong>, che cinque anni fa <strong>Benedetto XVI <\/strong>aveva considerato (per due volte) non idoneo\u201d (Il Foglio, 6\/11\/2015), pensionando in gran fretta monsignor <strong>Andr\u00e9-Joseph L\u00e9onard<\/strong>, pupillo di Benedetto XVI e noto al grande pubblico per essere stato pi\u00f9 volte ferocemente attaccato, anche fisicamente, dalle Femen (senza mai ricevere una parola di  solidariet\u00e0 da Bergoglio).<\/p>\n\n\n\n<p class=\"wp-block-paragraph\"><em><strong>A<\/strong><\/em><strong>bbattere la resistenza cattolica alla cultura della morte \u00e8 da subito una priorit\u00e0 di Bergoglio anche in Italia<\/strong>. <\/p>\n\n\n\n<p class=\"wp-block-paragraph\">Per farlo prende una quantit\u00e0 di provvedimenti, tutti nella medesima direzione, solo apparentemente smentiti da sporadiche ed innocue dichiarazioni, del tutto pro forma e inoffensive (talvolta semplici tweet), in difesa di vita e famiglia.  <\/p>\n\n\n\n<p class=\"wp-block-paragraph\">Possiamo ricordare anzitutto, gi\u00e0 nel 2013, la scelta  di monsignor <strong>Nunzio Galantino<\/strong> come segretario generale della Cei, con il compito, di fatto, di commissariarla e di ribaltare la linea <strong>Ruini-Bagnasco<\/strong>, che aveva portato alla vittoria dei cattolici nel referendum sulla fecondazione artificiale del 2005 e al Family day contro le unioni civili del 2007.<\/p>\n\n\n\n<p class=\"wp-block-paragraph\"><strong>Galantino<\/strong> esordisce nel nuovo ruolo (prima nessuno ne conosceva l\u2019esistenza) criticando pubblicamente gli attivisti anti aborto che pregano davanti alle cliniche, poi sterilizzando l\u2019associazione laica Scienza &amp; Vita, protagonista della battaglia referendaria del 2005, spingendola a non occuparsi pi\u00f9, se non in modo accademico e politicamente innocuo, dei temi sensibili dibattuti nel paese.  <\/p>\n\n\n\n<p class=\"wp-block-paragraph\"><em>I<\/em>n secondo luogo il nuovo segretario, che gode di un appoggio papale incondizionato, e che pu\u00f2 quindi scavalcare il pavido <strong>Bagnasco<\/strong>, cerca di imporre al mondo cattolico il bavaglio sul ddl omofobia dell\u2019onorevole gay del Pd, <strong>Ivan Scalfarotto<\/strong> e, poco dopo, sulla proposta di legge per le unioni civili gay della senatrice Pd <strong>Monica Cirinn\u00e0<\/strong>  e del senatore gay <strong>Sergio Lo Giudice (<\/strong>noto per essere ricorso all\u2019utero in affitto ben due volte!).  <\/p>\n\n\n\n<p class=\"wp-block-paragraph\">Non riuscendo per\u00f2 a fermare il mondo cattolico laico, <strong>Galantino<\/strong> si prodiga in ogni modo per osteggiare i due Family day, quello del 2015 e quello del 2016: ancora una volta con il sostegno del suo mandante, <strong>Bergoglio<\/strong>, il quale si rifiuta persino di porgere un saluto ai partecipanti alle due pi\u00f9 grandi manifestazioni di piazza mai organizzate dai cattolici italiani. Allo stesso modo far\u00e0 anche nel 2019, ignorando bellamente il Congresso mondiale delle famiglie svoltosi a Verona.  <\/p>\n\n\n\n<p class=\"wp-block-paragraph\">Non \u00e8 tutto: <strong>Bergoglio<\/strong>, che da una parte emargina i cardinali pro life come <strong>Carlo Caffarra<\/strong>, ed elogia in pi\u00f9 occasioni <strong>Emma Bonino<\/strong> e <strong>Valeria Fedeli<\/strong>, dall\u2019altra tace di fronte all\u2019introduzione del matrimonio gay in Irlanda e Germania, alla morte per fame e per sete di <strong>Vincent Lambert<\/strong> in Francia, alla legge sul biotestamento promossa dal Pd  in Italia&#8230;<\/p>\n\n\n\n<figure class=\"wp-block-image is-resized\"><img decoding=\"async\" data-src=\"https:\/\/www.libertaepersona.org\/wordpress\/wp-content\/uploads\/2019\/08\/Paglia.jpg\" alt=\"\" class=\"wp-image-150720 lazyload\" width=\"531\" height=\"638\" data-srcset=\"https:\/\/www.libertaepersona.org\/wordpress\/wp-content\/uploads\/2019\/08\/Paglia.jpg 708w, https:\/\/www.libertaepersona.org\/wordpress\/wp-content\/uploads\/2019\/08\/Paglia-250x300.jpg 250w\" data-sizes=\"(max-width: 531px) 85vw, 531px\" src=\"data:image\/svg+xml;base64,PHN2ZyB3aWR0aD0iMSIgaGVpZ2h0PSIxIiB4bWxucz0iaHR0cDovL3d3dy53My5vcmcvMjAwMC9zdmciPjwvc3ZnPg==\" style=\"--smush-placeholder-width: 531px; --smush-placeholder-aspect-ratio: 531\/638;\" \/><\/figure>\n\n\n\n<p class=\"wp-block-paragraph\">Soprattutto, dimostrando ancora una volta di sapere bene che ci\u00f2 che conta non sono le parole, ma  piazzare gli uomini giusti al posto giusto, infligge un colpo mortale a due roccaforti della bioetica cattolica. Il 15 agosto 2016, infatti, nomina Monsignor <strong>Vincenzo Paglia<\/strong> presidente della Pontificia Accademia per la Vita e gran cancelliere del Pontificio Istituto Giovanni Paolo II.  <\/p>\n\n\n\n<p class=\"wp-block-paragraph\">I meriti del nominato, sono le sue pubbliche aperture alle unioni civili, il suo disinteresse per le battaglie culturali, la sua contiguit\u00e0 al Pd e ai radicali di Marco Pannella, pubblicamente elogiati e santificati. Poco importa poi che Paglia sia coinvolto in vari scandali, in particolare un buco di 25 milioni di euro nella sua diocesi di Terni (per questo \u00e8 ancora sotto processo) e l\u2019aver fatto affrescare l\u2019abside della cattedrale della citt\u00e0 da un pittore notoriamente gay, con immagini evidentemente allusive. Se ci\u00f2 non bastasse, ma \u00e8 notizia di pochi giorni orsono, Paglia \u00e8 capace di intessere inusuali rapporti con magistrati molto discutibili, come Luca Palamara, protagonista del pi\u00f9 grosso scandalo che abbia colpito la magistratura negli ultimi decenni!  <\/p>\n\n\n\n<p class=\"wp-block-paragraph\"><em>Gli<\/em> altri uomini di Bergoglio, in Italia? Sono suoi fidatissimi scribacchini il gesuita <strong>Antonio Spadaro<\/strong>, il vescovo progressista <strong>Bruno Forte<\/strong>, entrambi appartenenti a quella parte del mondo ecclesiale che vuole rivoluzionare la morale cattolica in particolare aprendo alle coppie gay, e il prete giornalista <strong>Dario Edoardo Vigan\u00f2<\/strong>, che \u00e8 stato a lungo il dominus della comunicazione vaticana, prima di essere costretto a dare le dimissioni, nel marzo 2018, in seguito alla pubblicazione di una scandalosa fake news confezionata per far apparire Benedetto XVI un fan della teologia progressista.<\/p>\n\n\n\n<div class=\"wp-block-image\"><figure class=\"aligncenter is-resized\"><img decoding=\"async\" data-src=\"https:\/\/www.libertaepersona.org\/wordpress\/wp-content\/uploads\/2019\/08\/Vigan\u00f2-1024x750.jpg\" alt=\"\" class=\"wp-image-150721 lazyload\" width=\"512\" height=\"375\" data-srcset=\"https:\/\/www.libertaepersona.org\/wordpress\/wp-content\/uploads\/2019\/08\/Vigan\u00f2-1024x750.jpg 1024w, https:\/\/www.libertaepersona.org\/wordpress\/wp-content\/uploads\/2019\/08\/Vigan\u00f2-300x220.jpg 300w, https:\/\/www.libertaepersona.org\/wordpress\/wp-content\/uploads\/2019\/08\/Vigan\u00f2-768x563.jpg 768w, https:\/\/www.libertaepersona.org\/wordpress\/wp-content\/uploads\/2019\/08\/Vigan\u00f2.jpg 1036w\" data-sizes=\"(max-width: 512px) 85vw, 512px\" src=\"data:image\/svg+xml;base64,PHN2ZyB3aWR0aD0iMSIgaGVpZ2h0PSIxIiB4bWxucz0iaHR0cDovL3d3dy53My5vcmcvMjAwMC9zdmciPjwvc3ZnPg==\" style=\"--smush-placeholder-width: 512px; --smush-placeholder-aspect-ratio: 512\/375;\" \/><\/figure><\/div>\n\n\n\n<p class=\"wp-block-paragraph\"><em>C<\/em>hiudiamo con lui la lista degli \u201cuomini di Bergoglio\u201d perch\u00e8, curiosamente, porta lo stesso cognome del nunzio che ha sollevato pi\u00f9 di ogni altro il problema della lobby gay ecclesiastica spalleggiata dall\u2019argentino, e perch\u00e8 proprio il suo comportamento porta acqua al mulino delle accuse mosse dal suo omonimo. Infatti, pochi mesi prima delle forzate dimissioni, Dario Edoardo Vigan\u00f2 finiva al centro di un articolo di Francesco Agnoli, su La Nuova Bussola quotidiana (19\/12\/2017): in esso si chiedeva come mai Vigan\u00f2 utilizzasse i suoi ampi poteri per dare \u201cgrande spazio a personalit\u00e0 che esprimono idee piuttosto contigue all&#8217;ideologia LGBT\u201d e il denaro della Chiesa per affidare la creazione di un nuovo portale vaticano ad una multinazionale nota per il suo impegno per la causa LGBT.<\/p>\n\n\n\n<div class=\"wp-block-image\"><figure class=\"aligncenter is-resized\"><img decoding=\"async\" data-src=\"https:\/\/www.libertaepersona.org\/wordpress\/wp-content\/uploads\/2019\/08\/Bonino.jpg\" alt=\"\" class=\"wp-image-150722 lazyload\" width=\"524\" height=\"436\" data-srcset=\"https:\/\/www.libertaepersona.org\/wordpress\/wp-content\/uploads\/2019\/08\/Bonino.jpg 699w, https:\/\/www.libertaepersona.org\/wordpress\/wp-content\/uploads\/2019\/08\/Bonino-300x249.jpg 300w\" data-sizes=\"(max-width: 524px) 85vw, 524px\" src=\"data:image\/svg+xml;base64,PHN2ZyB3aWR0aD0iMSIgaGVpZ2h0PSIxIiB4bWxucz0iaHR0cDovL3d3dy53My5vcmcvMjAwMC9zdmciPjwvc3ZnPg==\" style=\"--smush-placeholder-width: 524px; --smush-placeholder-aspect-ratio: 524\/436;\" \/><\/figure><\/div>\n\n\n\n<p class=\"wp-block-paragraph\">E le donne di Bergoglio, chieder\u00e0 qualcuno? A parte quelle gi\u00e0 citate, <strong>Bonino<\/strong> e <strong>Fedeli,<\/strong> non si pu\u00f2 tralasciare la giornalista <strong>Stefania Falasca<\/strong>, la prima a ricevere una telefonata da Bergoglio, dopo l\u2019elezione al soglio pontificio. La Falasca ha sostenuto sin da principio l\u2019operato dell\u2019 amico argentino, arrivando a chiedere pubblicamente il silenzio di Benedetto XVI, dopo che il pontefice emerito, nell\u2019aprile 2019, era intervenuto sulla questione omosessualit\u00e0 e pedofilia nella Chiesa sostenendo una lettura dei  fatti del tutto differente da quella bergogliana (tutta volta a nascondere lo stretto legame esistente tra scandali sessuali da parte di ecclesiastici e le loro tendenze gay).  <\/p>\n\n\n\n<p class=\"wp-block-paragraph\">Forse le donne di Bergoglio sono poche (quelle che lavoravano all\u2019Osservatore romano  all\u2019inserto Donne, Chiesa, Mondo, hanno lasciato pochi giorni orsono, in polemica con il nuovo direttore bergogliano Andrea Monda) ma sono certamente armate della sua stessa, rocciosa, determinazione!<\/p>\n\n\n\n<p class=\"wp-block-paragraph\">Le altre puntate: <a href=\"https:\/\/www.libertaepersona.org\/wordpress\/2019\/08\/tutti-gli-uomini-di-bergoglio-1\/\">https:\/\/www.libertaepersona.org\/wordpress\/2019\/08\/tutti-gli-uomini-di-bergoglio-1\/<\/a><\/p>\n\n\n\n<figure class=\"wp-block-embed-wordpress wp-block-embed is-type-wp-embed is-provider-liberta-e-persona\"><div class=\"wp-block-embed__wrapper\">\n<blockquote class=\"wp-embedded-content\" data-secret=\"RCeKvxNnUR\"><a href=\"https:\/\/www.libertaepersona.org\/wordpress\/2019\/08\/la-banda-latino-americana-2\/\">La banda latino-americana (2)<\/a><\/blockquote><iframe class=\"wp-embedded-content lazyload\" sandbox=\"allow-scripts\" security=\"restricted\" style=\"position: absolute; clip: rect(1px, 1px, 1px, 1px);\" title=\"&#8220;La banda latino-americana (2)&#8221; &#8212; \" data-src=\"https:\/\/www.libertaepersona.org\/wordpress\/2019\/08\/la-banda-latino-americana-2\/embed\/#?secret=Cw8DAqbwKl#?secret=RCeKvxNnUR\" data-secret=\"RCeKvxNnUR\" width=\"600\" height=\"338\" frameborder=\"0\" marginwidth=\"0\" marginheight=\"0\" scrolling=\"no\" src=\"data:image\/svg+xml;base64,PHN2ZyB3aWR0aD0iMSIgaGVpZ2h0PSIxIiB4bWxucz0iaHR0cDovL3d3dy53My5vcmcvMjAwMC9zdmciPjwvc3ZnPg==\" data-load-mode=\"0\"><\/iframe>\n<\/div><\/figure>\n","protected":false},"excerpt":{"rendered":"<p>Come abbattere i pro vita e famiglia Nelle precedenti puntate ci siamo soffermati sugli uomini di Bergoglio nel nord e nel sud America. Dal sud, infatti, provengono molti dei suoi pi\u00f9 stretti collaboratori, mentre nel nord bisognava ribaltare l\u2019equilibrio a favore dei vescovi pro life e pro family nominati da Benedetto XVI allo scopo di &hellip; <a href=\"https:\/\/www.libertaepersona.org\/wordpress\/2019\/08\/gli-italiani-scelti-da-bergoglio-per-affossare-i-principi-non-negoziabili\/\" class=\"more-link\">Continue reading<span class=\"screen-reader-text\"> &#8220;Gli italiani scelti da Bergoglio per affossare i &#8220;principi non negoziabili&#8221;&#8221;<\/span><\/a><\/p>\n","protected":false},"author":15,"featured_media":180050,"comment_status":"open","ping_status":"open","sticky":false,"template":"","format":"standard","meta":{"rop_custom_images_group":[],"rop_custom_messages_group":[],"rop_publish_now":"initial","rop_publish_now_accounts":[],"rop_publish_now_history":[],"rop_publish_now_status":"pending","footnotes":""},"categories":[101,1],"tags":[],"class_list":["post-150718","post","type-post","status-publish","format-standard","has-post-thumbnail","hentry","category-chiesa","category-senza-categoria"],"_links":{"self":[{"href":"https:\/\/www.libertaepersona.org\/wordpress\/wp-json\/wp\/v2\/posts\/150718","targetHints":{"allow":["GET"]}}],"collection":[{"href":"https:\/\/www.libertaepersona.org\/wordpress\/wp-json\/wp\/v2\/posts"}],"about":[{"href":"https:\/\/www.libertaepersona.org\/wordpress\/wp-json\/wp\/v2\/types\/post"}],"author":[{"embeddable":true,"href":"https:\/\/www.libertaepersona.org\/wordpress\/wp-json\/wp\/v2\/users\/15"}],"replies":[{"embeddable":true,"href":"https:\/\/www.libertaepersona.org\/wordpress\/wp-json\/wp\/v2\/comments?post=150718"}],"version-history":[{"count":0,"href":"https:\/\/www.libertaepersona.org\/wordpress\/wp-json\/wp\/v2\/posts\/150718\/revisions"}],"wp:featuredmedia":[{"embeddable":true,"href":"https:\/\/www.libertaepersona.org\/wordpress\/wp-json\/wp\/v2\/media\/180050"}],"wp:attachment":[{"href":"https:\/\/www.libertaepersona.org\/wordpress\/wp-json\/wp\/v2\/media?parent=150718"}],"wp:term":[{"taxonomy":"category","embeddable":true,"href":"https:\/\/www.libertaepersona.org\/wordpress\/wp-json\/wp\/v2\/categories?post=150718"},{"taxonomy":"post_tag","embeddable":true,"href":"https:\/\/www.libertaepersona.org\/wordpress\/wp-json\/wp\/v2\/tags?post=150718"}],"curies":[{"name":"wp","href":"https:\/\/api.w.org\/{rel}","templated":true}]}}