{"id":150697,"date":"2019-08-10T08:39:37","date_gmt":"2019-08-10T07:39:37","guid":{"rendered":"http:\/\/www.libertaepersona.org\/wordpress\/?p=150697"},"modified":"2019-08-10T08:47:19","modified_gmt":"2019-08-10T07:47:19","slug":"la-banda-latino-americana-2","status":"publish","type":"post","link":"https:\/\/www.libertaepersona.org\/wordpress\/2019\/08\/la-banda-latino-americana-2\/","title":{"rendered":"La banda latino-americana (2)"},"content":{"rendered":"\n<p class=\"wp-block-paragraph\"> <\/p>\n\n\n\n<figure class=\"wp-block-image is-resized\"><img decoding=\"async\" data-src=\"https:\/\/www.libertaepersona.org\/wordpress\/wp-content\/uploads\/2019\/08\/banda-1024x729.jpg\" alt=\"\" class=\"wp-image-150699 lazyload\" width=\"720\" height=\"393\" src=\"data:image\/svg+xml;base64,PHN2ZyB3aWR0aD0iMSIgaGVpZ2h0PSIxIiB4bWxucz0iaHR0cDovL3d3dy53My5vcmcvMjAwMC9zdmciPjwvc3ZnPg==\" style=\"--smush-placeholder-width: 720px; --smush-placeholder-aspect-ratio: 720\/393;\" \/><\/figure>\n\n\n\n<p class=\"wp-block-paragraph\"><\/p>\n\n\n\n<p class=\"wp-block-paragraph\"><\/p>\n\n\n\n<p class=\"wp-block-paragraph\">L\u2019analisi degli uomini discussi di Bergoglio deve approdare ora ad un\u2019altro triumvirato piuttosto chiacchierato, quella composto dal cardinal <strong>Oscar Maradiaga<\/strong>, il suo vescovo ausiliario e braccio destro, <strong>Juan Jos\u00e9 Pineda<\/strong>, ed infine monsignor <strong>Edgar Pe\u00f1a Parra<\/strong>, amico di entrambi, scelto da Bergoglio nell\u2019ottobre del 2018 per ricoprire l\u2019influentissimo ruolo di <em>Sostituto per gli affari generali alla Segreteria di Stato<\/em>.  <\/p>\n\n\n\n<p class=\"wp-block-paragraph\">Partiamo dal pi\u00f9 \u201csfortunato\u201d dei tre, <strong>Juan Jos\u00e9 Pined<\/strong>a.  <\/p>\n\n\n\n<div class=\"wp-block-image\"><figure class=\"aligncenter is-resized\"><img decoding=\"async\" data-src=\"https:\/\/www.libertaepersona.org\/wordpress\/wp-content\/uploads\/2019\/08\/Maradiaga.jpg\" alt=\"\" class=\"wp-image-150698 lazyload\" width=\"564\" height=\"558\" src=\"data:image\/svg+xml;base64,PHN2ZyB3aWR0aD0iMSIgaGVpZ2h0PSIxIiB4bWxucz0iaHR0cDovL3d3dy53My5vcmcvMjAwMC9zdmciPjwvc3ZnPg==\" style=\"--smush-placeholder-width: 564px; --smush-placeholder-aspect-ratio: 564\/558;\" \/><\/figure><\/div>\n\n\n\n<p class=\"wp-block-paragraph\"><strong>Jacopo\nScaramuzzi<\/strong>, su <em>La stampa<\/em> del 20 luglio 2018, racconta le\nsue dimissioni, a causa di vari scandali: \u201cDal 2005 il presule \u00e8\nstato il numero due dell\u2019arcidiocesi guidata dal cardinale <strong>Oscar\nRodriguez Maradiaga<\/strong>, coordinatore del Consiglio dei nove\ncardinali che coadiuvano il Papa nella riforma della Curia romana (il\ncosiddetto C9), che per i suoi diversi impegni ha dovuto assentarsi\npi\u00f9 volte da Tegucigalpa\u201d. \n<\/p>\n\n\n\n<!--more-->\n\n\n\n<p class=\"wp-block-paragraph\">Le\nmotivazioni? A quanto sembra, economiche e sessuali: \u201calcuni\ninvestimenti avventati e un\u2019opaca operazione di fondi stornati\ndall\u2019Universit\u00e0 dell\u2019Honduras\u201d e \u201caccuse di abusi sessuali\nindirizzate al presule da due ex seminaristi\u201d. \n<\/p>\n\n\n\n<p class=\"wp-block-paragraph\">Il\nvaticanista <strong>Marco Tosatti<\/strong>, su <em>La nuova bussola quotidiana<\/em>\ndel 6\/12\/2018, \u00e8 pi\u00f9 ricco di dettagli: \u201c<strong>A\nluglio papa Francesco ha accettato le dimissioni del vescovo Pineda<\/strong>,\nche \u00e8 stato accusato di aver abusato sessualmente di seminaristi.\nMolti dei quali hanno scritto una lettera per denunciare la\nsituazione nel seminario. \u00c8 stato anche accusato di avere una serie\ndi amanti omosessuali e di una gestione allegra delle finanze\ndell\u2019arcidiocesi, che \u00e8 quella del cardinale Oscar Rodriguez\nMaradiaga, di cui era il braccio destro. <strong>Prima\ndelle dimissioni del vescovo Pineda<\/strong>, le accuse di\ncorruzione morale e finanziaria avevano portato a una visita\napostolica nel maggio 2017. I risultati dell\u2019inchiesta, consegnata\nnelle mani del Pontefice, non sono mai stati resi pubblici. Cos\u00ec\ncome non \u00e8 stata resa di pubblico dominio alcuna sanzione contro il\nvescovo, o la notizia di alcun atto di riparazione da parte del\nvescovo stesso. <strong>Le accuse\ndi cattiva condotta finanziaria riguardano<\/strong> la\npresunta appropriazione indebita di 1,3 milioni di dollari elargiti\nda parte del governo honduregno, e destinati a progetti caritatevoli;\ne che sarebbero \u201ccompletamente scomparsi&#8221;, secondo le\nfonti&#8230;\u201d.<\/p>\n\n\n\n<figure class=\"wp-block-image is-resized\"><img decoding=\"async\" data-src=\"https:\/\/www.libertaepersona.org\/wordpress\/wp-content\/uploads\/2019\/08\/Maradiaga-2.jpg\" alt=\"\" class=\"wp-image-150700 lazyload\" width=\"503\" height=\"382\" data-srcset=\"https:\/\/www.libertaepersona.org\/wordpress\/wp-content\/uploads\/2019\/08\/Maradiaga-2.jpg 1005w, https:\/\/www.libertaepersona.org\/wordpress\/wp-content\/uploads\/2019\/08\/Maradiaga-2-300x228.jpg 300w, https:\/\/www.libertaepersona.org\/wordpress\/wp-content\/uploads\/2019\/08\/Maradiaga-2-768x584.jpg 768w\" data-sizes=\"(max-width: 503px) 85vw, 503px\" src=\"data:image\/svg+xml;base64,PHN2ZyB3aWR0aD0iMSIgaGVpZ2h0PSIxIiB4bWxucz0iaHR0cDovL3d3dy53My5vcmcvMjAwMC9zdmciPjwvc3ZnPg==\" style=\"--smush-placeholder-width: 503px; --smush-placeholder-aspect-ratio: 503\/382;\" \/><\/figure>\n\n\n\n<p class=\"wp-block-paragraph\">Veniamo\nora al cardinal <strong>Maradiaga.<\/strong><\/p>\n\n\n\n<p class=\"wp-block-paragraph\">In questo caso \u00e8 il giornalista de <em>L\u2019Espresso<\/em> <strong>Emanuele Fittipald<\/strong>i a raccontare alcuni fatti incresciosi in un articolo del 5\/2\/2018, sottotitolato: La moglie dell&#8217;ex decano del corpo diplomatico del Vaticano ha denunciato una &#8220;intermediazione fraudolenta&#8221; del porporato.  <\/p>\n\n\n\n<p class=\"wp-block-paragraph\">Fittipaldi\nricorda anzitutto che lo scandalo in atto, il fatto che Maradiaga\npercepisca ben 35\nmila euro al mese dall\u2019universit\u00e0 cattolica di Tegucigalpa, non \u00e8\nil primo, in quanto Maradiaga ha gi\u00e0 \u201cperso una querela in\nHonduras contro un quotidiano locale, <em>El Confidencial,<\/em>\nche nel 2016 parlando dei versamenti al cardinale parl\u00f2 addirittura\ndi corruzione\u201d; aggiunge\nche Maradiaga \u00e8 stato\naccusato da  <strong>Martha\nAlegria Reichmann, <\/strong>vedova\ndell\u2019ex ambasciatore honduregno presso la Santa Sede, <strong>Alejandro\nValladares<\/strong>, di una\ngestione quantomeno azzardata del denaro. \n<\/p>\n\n\n\n<p class=\"wp-block-paragraph\">La\nsignora Valladares, infatti,\nha scritto addirittura un intero\nlibro, <em>Traiciones sacradas<\/em>,\nin cui, come racconta il vaticanista della Rai <strong>Aldo\nMaria Valli<\/strong>, \u201cnon esita\na parlare di Maradiaga come di un uomo dalla doppia personalit\u00e0, che\nsi \u00e8 assicurato l\u2019impunit\u00e0 grazie alla protezione del papa\u201d. \n<\/p>\n\n\n\n<p class=\"wp-block-paragraph\">Da\nparte di chi questi \u201csacri tradimenti\u201d? <strong>Alegria<\/strong>\nnon ha mezze parole: da tre ex amici, frequentati per anni, cio\u00e8 il\nvescovo Juan Jos\u00e8 Pineda, il cardinale Maradiaga e Bergoglio.<\/p>\n\n\n\n<p class=\"wp-block-paragraph\">Sia\ncome sia, il cardinale non ha\nancora \u201cmollato\u201d, a\ndifferenza del suo collaboratore Pineda\n(un sottoposto sacrificato\nalla causa?), ma certamente i\ndubbi sul suo comportamento, anche\nin patria, continuano a crescere.<\/p>\n\n\n\n<p class=\"wp-block-paragraph\">Veniamo\nora al terzo dei protagonisti,\nmonsignor <strong>Edgar Pe\u00f1a\nParra<\/strong>,\nla cui promozione in Vaticano\nappare legata al suo rapporto con gli altri due personaggi citati.\n\n<\/p>\n\n\n\n<p class=\"wp-block-paragraph\">La nomina di Pe\u00f1a Parra, sconosciuto ai pi\u00f9, desta subito le perplessit\u00e0 dell\u2019ex nunzio negli Usa, mons. <strong>Carlo Maria Vigan\u00f2<\/strong>, che nel suo dossier sulla lobby gay vicina a Bergoglio, scrive: \u201c<em>Lui ha una connessione con l\u2019Honduras, cio\u00e8 con il cardinale Oscar Maradiaga. Pe\u00f1a Parra dal 2003 al 2007 ha prestato servizio presso la nunziatura di Tegucigalpa in qualit\u00e0 di consigliere\u201d. E aggiunge: \u201cCome delegato per le rappresentanze pontificie, mi erano pervenute informazioni preoccupanti a suo riguardo<\/em>\u201d.  <\/p>\n\n\n\n<p class=\"wp-block-paragraph\">Possibile\nche anche Pe\u00f1a Parra\nabbia scheletri\nnell\u2019armadio? \n<\/p>\n\n\n\n<p class=\"wp-block-paragraph\">Non\n\u00e8 cos\u00ec arduo\nimmaginarlo: le lobby (lo\nabbiamo gi\u00e0 visto con la\npromozione in massa degli amici del\nmolestatore McCarrick),\nfunzionano proprio cos\u00ec, portano nei posti di potere pi\u00f9 persone di\nun medesimo clan.\nNon \u00e8 impossibile dunque che\nalla cordata nord-americana McCarrick-Wuerl-Cupich-Tobin-Farrell\n(tutti amici tra loro, e tutti\nsimpatizzanti pro\nLGBT), corrisponda una cordata sud-americana, unita anche\ndagli stessi interessi\neconomici, e, se le accuse fossero\nvere, non solo economici. \n<\/p>\n\n\n\n<p class=\"wp-block-paragraph\">Ma\nleggiamo quanto scrive\n<strong>Fittipaldi<\/strong>\nsu <em>L\u2019Espresso\n<\/em>del\n18\/10\/2018:\n\u201cL\u2019ex nunzio a Washington\nnon chiarisce i motivi delle sue \u00abpreoccupazioni\u00bb. Ma \u00e8 certo che\nnon \u00e8 il solo ad avere qualche dubbio sulla scelta di Francesco.\nPe\u00f1a Parra ha molti nemici. E qualcuno di essi, nove giorni dopo la\nsua promozione, ha deciso di prendere carta e penna, e compilare un\ndurissimo rapporto sulle presunte condotte immorali del sacerdote.\nAllegando pure alcune fotocopie di lettere firmate dall\u2019allora\narcivescovo di Maracaibo <strong>Domingo\nRoa P\u00e9rez<\/strong>, in cui si fa\nriferimento a dubbi e accuse gravissime sul conto\ndi Edgar, allora seminarista\u201d. \n<\/p>\n\n\n\n<p class=\"wp-block-paragraph\">In\nsintesi, Pe\u00f1a Parra era stato espulso dal seminario San Tommaso\nD\u2019Aquino alla fine del suo terzo anno per comportamenti\nlibertini.\n\n<\/p>\n\n\n\n<p class=\"wp-block-paragraph\">All\u2019articolo\ncomparso sull\u2019<em>Espresso<\/em>,\nfa seguito un altro\ndel vaticanista <strong>Marco\nTosatti<\/strong>,\nsu <em>La\nNuova Bussola quotidiana<\/em>\ndel 5\/7\/2019. \n<\/p>\n\n\n\n<p class=\"wp-block-paragraph\">Tosatti\nparte\nda\nuna nuova rivelazione dell\u2019ex nunzio negli Usa: \u201cil Papa ha\nsostanzialmente ignorato \u2013 secondo l&#8217;ex diplomatico &#8211; un\nterrificante dossier inviato da un gruppo di fedeli di Maracaibo, dal\ntitolo \u201c<em>Qui\u00e9n\nes verdaderamente Monse\u00f1or Edgar Robinson Pe\u00f1a Parra, Nuevo\nSustituto de la Secretar\u00eea de Estado del Vaticano?<\/em>&#8220;.\nIl dossier \u00e8 firmato da Enrique W. Lagunillas Machado, nel nome del\n&#8220;<em>Grupo\nde Laicos de la Arquidi\u00f3cesis de Maracaibo por una Iglesia y un\nClero seg\u00fan el Coraz\u00f3n de Cristo<\/em>&#8220;.\nQuesti fedeli accusano Pe\u00f1a Parra di terribile immoralit\u00e0,\ndescrivendo in dettaglio i suoi presunti crimini. \u00abQuesto &#8211; ha\ncommentato &#8211; potrebbe anche essere uno scandalo che supera quello di\nMcCarrick, e non deve essere permesso che sia coperto dal silenzio.\n<strong>Rispetto\nai fatti gi\u00e0 resi noti da <\/strong><strong>L\u2019Espresso<\/strong><em>,\n<\/em><strong>Vigan\u00f2<\/strong>\nha aggiunto fatti noti in Segreteria di Stato in Vaticano dal 2002\ntra cui l&#8217;accusa rivolta a Pe\u00f1a Parra \u00abdi aver sedotto, il 24\nsettembre 1990, due seminaristi minori della parrocchia di San Pablo,\nche dovevano entrare nel Seminario Maggiore di Maracaibo quello\nstesso anno&#8230; Il caso \u00e8 stato denunciato alla polizia dai genitori\ndei due giovani ed \u00e8 stato trattato dall&#8217;allora direttore del\nseminario maggiore, Enrique P\u00e9rez, e dal direttore spirituale\nallora, Emilio Melchor. Il Rev. P\u00e9rez, interrogato dalla Segreteria\ndi Stato, conferm\u00f2 per iscritto l&#8217;episodio del 24 settembre 1990. Ho\nvisto questi documenti con i miei occhi\u00bb\u201d. \n<\/p>\n\n\n\n<p class=\"wp-block-paragraph\">Con\nil sud America, purtroppo non \u00e8 finita. \n<\/p>\n\n\n\n<p class=\"wp-block-paragraph\">E\u2019\nil caso di citare gli scandali che hanno colpito altri due cardinali\n\u201cbergogliani\u201d.<\/p>\n\n\n\n<figure class=\"wp-block-image is-resized\"><img decoding=\"async\" data-src=\"https:\/\/www.libertaepersona.org\/wordpress\/wp-content\/uploads\/2019\/08\/Ezzati.jpg\" alt=\"\" class=\"wp-image-150701 lazyload\" width=\"480\" height=\"623\" data-srcset=\"https:\/\/www.libertaepersona.org\/wordpress\/wp-content\/uploads\/2019\/08\/Ezzati.jpg 640w, https:\/\/www.libertaepersona.org\/wordpress\/wp-content\/uploads\/2019\/08\/Ezzati-231x300.jpg 231w\" data-sizes=\"(max-width: 480px) 85vw, 480px\" src=\"data:image\/svg+xml;base64,PHN2ZyB3aWR0aD0iMSIgaGVpZ2h0PSIxIiB4bWxucz0iaHR0cDovL3d3dy53My5vcmcvMjAwMC9zdmciPjwvc3ZnPg==\" style=\"--smush-placeholder-width: 480px; --smush-placeholder-aspect-ratio: 480\/623;\" \/><\/figure>\n\n\n\n<p class=\"wp-block-paragraph\">Il\nprimo \u00e8 il cileno <strong>Ricardo\nEzzati<\/strong>,\nnominato\ncardinale da Bergoglio nel 2014. Ebbene nel marzo 2019 il porporato\nha dovuto rassegnare le sue dimissioni da arcivescovo di Santiago,\nper una sentenza della\nCorte d\u2019Appello di Santiago del Cile per l\u2019occultamento di tre\ncasi di preti omosessuali\nabusatori\n(<em>La\nstampa<\/em>,\n2\/4\/2019, <em>Famiglia\ncristiana<\/em>,\n23\/3\/2019). \n<\/p>\n\n\n\n<figure class=\"wp-block-image is-resized\"><img decoding=\"async\" data-src=\"https:\/\/www.libertaepersona.org\/wordpress\/wp-content\/uploads\/2019\/08\/errarurriz.jpg\" alt=\"\" class=\"wp-image-150702 lazyload\" width=\"479\" height=\"680\" data-srcset=\"https:\/\/www.libertaepersona.org\/wordpress\/wp-content\/uploads\/2019\/08\/errarurriz.jpg 638w, https:\/\/www.libertaepersona.org\/wordpress\/wp-content\/uploads\/2019\/08\/errarurriz-211x300.jpg 211w\" data-sizes=\"(max-width: 479px) 85vw, 479px\" src=\"data:image\/svg+xml;base64,PHN2ZyB3aWR0aD0iMSIgaGVpZ2h0PSIxIiB4bWxucz0iaHR0cDovL3d3dy53My5vcmcvMjAwMC9zdmciPjwvc3ZnPg==\" style=\"--smush-placeholder-width: 479px; --smush-placeholder-aspect-ratio: 479\/680;\" \/><\/figure>\n\n\n\n<p class=\"wp-block-paragraph\">Il\nsecondo \u00e8 quello del cardinale cileno <strong>Francisco\nJavier Err\u00e1zuriz Ossa, <\/strong>scelto\ndal papa come membro dei C9, ma costretto anch\u2019egli alle dimissioni\nnel\nnovembre 2018 perch\u00e8 accusato di aver insabbiato dei crimini di\nabusi. \n<\/p>\n\n\n\n<p class=\"wp-block-paragraph\">Per\nfinire, non si pu\u00f2 non fare cenno ad un altro prelato che, pur\nitaliano, ha lavorato per anni nelle nunziature del sud America:\nm<em>ons<\/em>.\n<strong>Battista\n<\/strong><em><strong>Ricca<\/strong><\/em><em>.<\/em><\/p>\n\n\n\n<figure class=\"wp-block-image is-resized\"><img decoding=\"async\" data-src=\"https:\/\/www.libertaepersona.org\/wordpress\/wp-content\/uploads\/2019\/08\/abril-e-ricca-e-bergy.jpg\" alt=\"\" class=\"wp-image-150703 lazyload\" width=\"398\" height=\"300\" data-srcset=\"https:\/\/www.libertaepersona.org\/wordpress\/wp-content\/uploads\/2019\/08\/abril-e-ricca-e-bergy.jpg 795w, https:\/\/www.libertaepersona.org\/wordpress\/wp-content\/uploads\/2019\/08\/abril-e-ricca-e-bergy-300x226.jpg 300w, https:\/\/www.libertaepersona.org\/wordpress\/wp-content\/uploads\/2019\/08\/abril-e-ricca-e-bergy-768x580.jpg 768w\" data-sizes=\"(max-width: 398px) 85vw, 398px\" src=\"data:image\/svg+xml;base64,PHN2ZyB3aWR0aD0iMSIgaGVpZ2h0PSIxIiB4bWxucz0iaHR0cDovL3d3dy53My5vcmcvMjAwMC9zdmciPjwvc3ZnPg==\" style=\"--smush-placeholder-width: 398px; --smush-placeholder-aspect-ratio: 398\/300;\" \/><figcaption>Bergoglio con Ricca e Santos Abril<\/figcaption><\/figure>\n\n\n\n<p class=\"wp-block-paragraph\">Le sue vicende sono state raccontate, con l\u2019abituale seriet\u00e0, dal vaticanista dell\u2019Espresso<em> <strong>Sandro Magister<\/strong>: \u201cIl buco nero, nella storia personale di Ricca, \u00e8 il periodo da lui trascorso in Uruguay, a Montevideo, sulla sponda nord del Rio de la Plata, di fronte a Buenos Aires. Ricca arriv\u00f2 in questa nunziatura nel 1999\u201d, insieme al capitano svizzero Patrick Haari. \u201cI due- prosegue Magister- arrivarono in Uruguay assieme. E Ricca chiese che anche al suo amico fossero dati un ruolo e un alloggio nella nunziatura. Il nunzio respinse la richiesta. Ma pochi mesi dopo and\u00f2 in pensione e Ricca, rimasto come incaricato d&#8217;affari &#8220;ad interim&#8221; in attesa del nuovo nunzio, assegn\u00f2 l&#8217;alloggio in nunziatura a Haari, con regolare assunzione e stipendio\u201d. <\/em> <\/p>\n\n\n\n<p class=\"wp-block-paragraph\"><em>S<\/em>eguono vari scandali, comprese le botte prese da Ricca  in un noto locale di incontri tra omosessuali e  il richiamo a Roma: per controllarlo meglio? Per porre fine alla sua carriera diplomatica?  <\/p>\n\n\n\n<p class=\"wp-block-paragraph\">Diffile saperlo, certo \u00e8 che quando Bergoglio viene eletto, R<strong>icca balza al centro dei giochi<\/strong>: non solo si trova a dirigere quello che \u00e8 diventato a tutti gli effetti non pi\u00f9 una casa per il clero, ma il nuovo quartiere generale della Chiesa (cio\u00e8 casa Santa Marta), ma gi\u00e0 il 15 giugno 2013, a soli tre mesi dall\u2019elezione, Bergoglio lo nomina in un ruolo chiave, quello di prelato dello IOR \u201c<em>col potere di accedere a tutti gli atti e documenti e di assistere a tutte le riunioni sia della commissione cardinalizia di vigilanza, sia del consiglio di sovrintendenza, cio\u00e8 del board della disastrata &#8220;banca&#8221; vaticana<\/em>\u201d! (L\u2019Espresso, 18\/7\/2013). <\/p>\n\n\n\n<p class=\"wp-block-paragraph\">Perch\u00e8 tale stima e fiducia, ancora una volta, in un uomo con un passato tanto poco luminoso?   <\/p>\n","protected":false},"excerpt":{"rendered":"<p>L\u2019analisi degli uomini discussi di Bergoglio deve approdare ora ad un\u2019altro triumvirato piuttosto chiacchierato, quella composto dal cardinal Oscar Maradiaga, il suo vescovo ausiliario e braccio destro, Juan Jos\u00e9 Pineda, ed infine monsignor Edgar Pe\u00f1a Parra, amico di entrambi, scelto da Bergoglio nell\u2019ottobre del 2018 per ricoprire l\u2019influentissimo ruolo di Sostituto per gli affari generali &hellip; <a href=\"https:\/\/www.libertaepersona.org\/wordpress\/2019\/08\/la-banda-latino-americana-2\/\" class=\"more-link\">Continue reading<span class=\"screen-reader-text\"> &#8220;La banda latino-americana (2)&#8221;<\/span><\/a><\/p>\n","protected":false},"author":15,"featured_media":180050,"comment_status":"open","ping_status":"open","sticky":false,"template":"","format":"standard","meta":{"rop_custom_images_group":[],"rop_custom_messages_group":[],"rop_publish_now":"initial","rop_publish_now_accounts":[],"rop_publish_now_history":[],"rop_publish_now_status":"pending","footnotes":""},"categories":[101,1],"tags":[],"class_list":["post-150697","post","type-post","status-publish","format-standard","has-post-thumbnail","hentry","category-chiesa","category-senza-categoria"],"_links":{"self":[{"href":"https:\/\/www.libertaepersona.org\/wordpress\/wp-json\/wp\/v2\/posts\/150697","targetHints":{"allow":["GET"]}}],"collection":[{"href":"https:\/\/www.libertaepersona.org\/wordpress\/wp-json\/wp\/v2\/posts"}],"about":[{"href":"https:\/\/www.libertaepersona.org\/wordpress\/wp-json\/wp\/v2\/types\/post"}],"author":[{"embeddable":true,"href":"https:\/\/www.libertaepersona.org\/wordpress\/wp-json\/wp\/v2\/users\/15"}],"replies":[{"embeddable":true,"href":"https:\/\/www.libertaepersona.org\/wordpress\/wp-json\/wp\/v2\/comments?post=150697"}],"version-history":[{"count":0,"href":"https:\/\/www.libertaepersona.org\/wordpress\/wp-json\/wp\/v2\/posts\/150697\/revisions"}],"wp:featuredmedia":[{"embeddable":true,"href":"https:\/\/www.libertaepersona.org\/wordpress\/wp-json\/wp\/v2\/media\/180050"}],"wp:attachment":[{"href":"https:\/\/www.libertaepersona.org\/wordpress\/wp-json\/wp\/v2\/media?parent=150697"}],"wp:term":[{"taxonomy":"category","embeddable":true,"href":"https:\/\/www.libertaepersona.org\/wordpress\/wp-json\/wp\/v2\/categories?post=150697"},{"taxonomy":"post_tag","embeddable":true,"href":"https:\/\/www.libertaepersona.org\/wordpress\/wp-json\/wp\/v2\/tags?post=150697"}],"curies":[{"name":"wp","href":"https:\/\/api.w.org\/{rel}","templated":true}]}}