{"id":150689,"date":"2019-08-09T06:50:18","date_gmt":"2019-08-09T05:50:18","guid":{"rendered":"http:\/\/www.libertaepersona.org\/wordpress\/?p=150689"},"modified":"2019-08-09T06:50:21","modified_gmt":"2019-08-09T05:50:21","slug":"elezioni-anticipate-si-ora-e-lora","status":"publish","type":"post","link":"https:\/\/www.libertaepersona.org\/wordpress\/2019\/08\/elezioni-anticipate-si-ora-e-lora\/","title":{"rendered":"Elezioni anticipate? S\u00ec, ora \u00e8 l&#8217;ora"},"content":{"rendered":"<p><a href=\"https:\/\/www.libertaepersona.org\/wordpress\/wp-content\/uploads\/2019\/08\/salvini.jpg\"><img decoding=\"async\" class=\"aligncenter  wp-image-150690 lazyload\" data-src=\"https:\/\/www.libertaepersona.org\/wordpress\/wp-content\/uploads\/2019\/08\/salvini.jpg\" alt=\"\" width=\"163\" height=\"181\" src=\"data:image\/svg+xml;base64,PHN2ZyB3aWR0aD0iMSIgaGVpZ2h0PSIxIiB4bWxucz0iaHR0cDovL3d3dy53My5vcmcvMjAwMC9zdmciPjwvc3ZnPg==\" style=\"--smush-placeholder-width: 163px; --smush-placeholder-aspect-ratio: 163\/181;\" \/><\/a><\/p>\n<p>di Il Romano Osservatore.<\/p>\n<p><em>\u00c8 utile una crisi adesso, una crisi in agosto, una crisi a Parlamento chiuso da ieri per le ferie estive? S\u00ec, una crisi adesso \u00e8 non solo utile ma necessaria, una crisi adesso serve al bene del Paese che non pu\u00f2 pi\u00f9 sopravvivere in queste condizioni. Una crisi di governo ora, subito, per dire agli italiani che a ottobre si voter\u00e0 per una politica diversa, sviluppista e non anti-sviluppista, pro infrastrutture al Nord e al Sud, una politica pro aziende e pro lavoro, pro famiglia in senso vero, con tanti bei dobloni per uscire dall\u2019imbuto mortifero del crollo demografico, una politica per l\u2019autonomia delle regioni e per la sussidiariet\u00e0<\/em><!--more--><\/p>\n<p style=\"text-align: center\">***************<\/p>\n<p>Il governo giallo-verde \u00e8 finito. Con tutta evidenza era finito da tempo, almeno dal giorno delle elezioni europee, in cui i grillini dimezzarono i loro voti e la Lega li raddoppi\u00f2, raggiungendo la fantasmagorica quota del 34,8% dei voti e pi\u00f9 che doppiando gli alleati-avversari. Ma per una serie di motivi &#8211;\u00a0e soprattutto per le incertezze e le paure di Salvini,\u00a0 che temeva manovre quirinalizie per dar vita a un governo tecnico simil-Monti e rinviare \u2018sine die\u2019 le elezioni &#8211;\u00a0la crisi, nei fatti gi\u00e0 in atto, si \u00e8 trascinata in questi mesi senza mai esplodere. Anche per i ciechi per\u00f2 \u00e8 parso evidente che l\u2019uno-due di marted\u00ec e di mercoled\u00ec (approvazione del decreto Sicurezza bis con i violenti maldipancia dei grillini, e spaccatura netta che pi\u00f9 netta non si pu\u00f2 sulla TAV), rappresentava la fine di un esperimento non pi\u00f9 ripetibile.<\/p>\n<p><strong>E Salvini si \u00e8 deciso.<\/strong>\u00a0Noi non siamo una democrazia normale, lo sappiamo,\u00a0 ma questa volta anche Salvini dovrebbe essere convinto, visto anche che Mattarella ha ormai dato ampie garanzie che di fronte a una crisi di governo non tenterebbe giochetti tecnici alla Monti. I sondaggi sono tutti dalla parte della Lega che, in alleanza con la Meloni e anche senza l\u2019indesiderato Berlusconi, vincerebbe alla grande le elezioni e potrebbe guidare da Presidente del Consiglio la prossima legislatura (che fra l\u2019altro elegger\u00e0 il Presidente della Repubblica).<\/p>\n<p><strong>\u00c8 utile una crisi adesso, una crisi in agosto,<\/strong>\u00a0una crisi a Parlamento chiuso da ieri per le ferie estive? S\u00ec, una crisi adesso \u00e8 non solo utile ma necessaria, una crisi adesso serve al bene del Paese che non pu\u00f2 pi\u00f9 sopravvivere in queste condizioni. Una crisi in pieno agosto? S\u00ec, una crisi in pieno agosto, perch\u00e9\u00a0non ci sono impedimenti e la politica \u00e8 pi\u00f9 forte di qualunque calendario;\u00a0e i precedenti, se non ci sono, li creiamo ora. E con la crisi in agosto si guadagna anche un mese perch\u00e9\u00a0in agosto tanto non si fa nulla. E dunque s\u00ec\u00a0a una crisi di governo immediata per andare a elezioni ai primi di ottobre (non si \u00e8 mai votato in ottobre? E\u00a0allora? Quest\u2019anno si vota perch\u00e9\u00a0nulla lo impedisce e la politica \u00e8 pi\u00f9 forte di qualunque calendario).<\/p>\n<p><strong>Una crisi di governo ora, subito, per dire agli italiani\u00a0<\/strong>che a ottobre si voter\u00e0 per una politica diversa, sviluppista e non anti-sviluppista, pro infrastrutture al Nord e al Sud, una politica pro aziende e pro lavoro, pro famiglia in senso vero, con tanti bei dobloni per uscire dall\u2019imbuto mortifero del crollo demografico, una politica per l\u2019autonomia delle regioni e per la sussidiariet\u00e0. Certo, per la sussidiariet\u00e0 perch\u00e9\u00a0abbiamo bisogno non solo che le regioni possano dare il meglio di s\u00e8, ma che la societ\u00e0 torni protagonista, che le persone tornino protagoniste.<\/p>\n<p><strong>E c\u2019\u00e8 da augurarsi che la crisi adesso\u00a0<\/strong>e la fine dell\u2019innaturale connubio Lega-5Stelle faccia anche\u00a0rinsavire chi di dovere sui rapporti con l\u2019Europa.\u00a0Perch\u00e9\u00a0Salvini non pu\u00f2 continuare a litigare con tutti, a schifare ogni alleanza con i paesi europei nostri partner tradizionali. Ed \u00e8 anche per questo che\u00a0la formula del centro-destra completo e unito sarebbe la preferibile.<\/p>\n<p>E dunque crisi di governo subito sia!\u00a0Per elezioni al pi\u00f9 presto!\u00a0Perch\u00e9\u00a0di questo l\u2019Italia ha bisogno. Se crisi ed elezioni non fossero ora, non fossero al pi\u00f9 presto,&#8230; ogni pi\u00f9 fosco scenario sarebbe possibile.<\/p>\n<p>Fonte: <a href=\"http:\/\/www.lanuovabq.it\/it\/elezioni-anticipate-si-ora-e-lora\" target=\"_blank\" rel=\"noopener noreferrer\">La nuova Bussola Quotidiana<\/a><\/p>\n","protected":false},"excerpt":{"rendered":"<p>di Il Romano Osservatore. \u00c8 utile una crisi adesso, una crisi in agosto, una crisi a Parlamento chiuso da ieri per le ferie estive? S\u00ec, una crisi adesso \u00e8 non solo utile ma necessaria, una crisi adesso serve al bene del Paese che non pu\u00f2 pi\u00f9 sopravvivere in queste condizioni. Una crisi di governo ora, &hellip; <a href=\"https:\/\/www.libertaepersona.org\/wordpress\/2019\/08\/elezioni-anticipate-si-ora-e-lora\/\" class=\"more-link\">Continue reading<span class=\"screen-reader-text\"> &#8220;Elezioni anticipate? S\u00ec, ora \u00e8 l&#8217;ora&#8221;<\/span><\/a><\/p>\n","protected":false},"author":32,"featured_media":180050,"comment_status":"open","ping_status":"open","sticky":false,"template":"","format":"standard","meta":{"rop_custom_images_group":[],"rop_custom_messages_group":[],"rop_publish_now":"initial","rop_publish_now_accounts":[],"rop_publish_now_history":[],"rop_publish_now_status":"pending","footnotes":""},"categories":[153],"tags":[],"class_list":["post-150689","post","type-post","status-publish","format-standard","has-post-thumbnail","hentry","category-news-dalla-rete"],"_links":{"self":[{"href":"https:\/\/www.libertaepersona.org\/wordpress\/wp-json\/wp\/v2\/posts\/150689","targetHints":{"allow":["GET"]}}],"collection":[{"href":"https:\/\/www.libertaepersona.org\/wordpress\/wp-json\/wp\/v2\/posts"}],"about":[{"href":"https:\/\/www.libertaepersona.org\/wordpress\/wp-json\/wp\/v2\/types\/post"}],"author":[{"embeddable":true,"href":"https:\/\/www.libertaepersona.org\/wordpress\/wp-json\/wp\/v2\/users\/32"}],"replies":[{"embeddable":true,"href":"https:\/\/www.libertaepersona.org\/wordpress\/wp-json\/wp\/v2\/comments?post=150689"}],"version-history":[{"count":0,"href":"https:\/\/www.libertaepersona.org\/wordpress\/wp-json\/wp\/v2\/posts\/150689\/revisions"}],"wp:featuredmedia":[{"embeddable":true,"href":"https:\/\/www.libertaepersona.org\/wordpress\/wp-json\/wp\/v2\/media\/180050"}],"wp:attachment":[{"href":"https:\/\/www.libertaepersona.org\/wordpress\/wp-json\/wp\/v2\/media?parent=150689"}],"wp:term":[{"taxonomy":"category","embeddable":true,"href":"https:\/\/www.libertaepersona.org\/wordpress\/wp-json\/wp\/v2\/categories?post=150689"},{"taxonomy":"post_tag","embeddable":true,"href":"https:\/\/www.libertaepersona.org\/wordpress\/wp-json\/wp\/v2\/tags?post=150689"}],"curies":[{"name":"wp","href":"https:\/\/api.w.org\/{rel}","templated":true}]}}