{"id":150686,"date":"2019-08-09T06:48:30","date_gmt":"2019-08-09T05:48:30","guid":{"rendered":"http:\/\/www.libertaepersona.org\/wordpress\/?p=150686"},"modified":"2019-08-09T06:48:33","modified_gmt":"2019-08-09T05:48:33","slug":"il-dato-e-tratto","status":"publish","type":"post","link":"https:\/\/www.libertaepersona.org\/wordpress\/2019\/08\/il-dato-e-tratto\/","title":{"rendered":"Il dato \u00e8 tratto?"},"content":{"rendered":"<p><a href=\"https:\/\/www.libertaepersona.org\/wordpress\/wp-content\/uploads\/2019\/08\/Salvini-Mattarella.jpg\"><img decoding=\"async\" class=\"aligncenter  wp-image-150687 lazyload\" data-src=\"https:\/\/www.libertaepersona.org\/wordpress\/wp-content\/uploads\/2019\/08\/Salvini-Mattarella-300x289.jpg\" alt=\"\" width=\"182\" height=\"175\" data-srcset=\"https:\/\/www.libertaepersona.org\/wordpress\/wp-content\/uploads\/2019\/08\/Salvini-Mattarella-300x289.jpg 300w, https:\/\/www.libertaepersona.org\/wordpress\/wp-content\/uploads\/2019\/08\/Salvini-Mattarella.jpg 396w\" data-sizes=\"(max-width: 182px) 85vw, 182px\" src=\"data:image\/svg+xml;base64,PHN2ZyB3aWR0aD0iMSIgaGVpZ2h0PSIxIiB4bWxucz0iaHR0cDovL3d3dy53My5vcmcvMjAwMC9zdmciPjwvc3ZnPg==\" style=\"--smush-placeholder-width: 182px; --smush-placeholder-aspect-ratio: 182\/175;\" \/><\/a><\/p>\n<p>di Fabio Lugano.<\/p>\n<p><em>Perch\u00e8 Salvini ha dato questa accelerazione. Strategicamente: non pu\u00f2 fare nulla con un governo in cui tre ministeri chiave, Esteri, Economia e Difesa sono in mano al Quirinale. Non si pu\u00f2 fare una manovra espansiva con un ministro dell\u2019Economia che non vede l\u2019ora di aumentare l\u2019IVA; non si pu\u00f2 fare politica estera con un ministro che non ha ancora risposto alla richiesta USA di partecipare alla scorta nel Golfo; non si pu\u00f2 fare Difesa con un ministro che ha ceduto i segreti militari alla Francia; ha ritenuto, a torto o a ragione, che la sua posizione sia di forza nel paese, dal punto di vista elettorale; ha anticipato qualsiasi mossa di avversari ed \u201cAlleati\u201d; il fatto che comunque i vincoli posti da Conte e dal Quirinale all\u2019operato del governo erano divenuti troppo stretti\u2026<\/em><!--more--><\/p>\n<p style=\"text-align: center\">*****************<\/p>\n<p>Quindi pare che il governo Conte siano concluso. La storia giudicher\u00e0 che tipo di esperienza sia stata questa che, comunque, in ogni modo, \u00e8 stata una rottura con quanto visto prima in Italia, sia per le modalit\u00e0 di formazione sia per il peso invadente tenuto dal Quirinale fin dai suoi primi passi. Passiamo dimenticare la vicenda del MEF e del professor Savona, la cui nomina Mattarella minacci\u00f2 di non controfirmare? Comunque pare che siamo giunti alla fine di questa avventura.<\/p>\n<p>Sicuramente a questa prima fase di questa avventura \u00e8 chiusa e presto sapremo se lo \u00e8 chiusa in modo assoluto. Se cos\u00ec fosse la strada maestra sarebbe quella del voto, che tutti hano invocato da mesi e che tutti continuano ad invocare. Sinceramente sorridevo sentendo oggi la Bernini che chiedeva il voto, visto che questo, cos\u00ec anticipato, senza preparazione, sarebbe la pietra tombale per i berlusconiani.<\/p>\n<p>Vedremo ora se\u00a0anche il PD che chiedeva elezioni fino a ieri veramente rispetter\u00e0 il mandato oppure cercher\u00e0 un accordo all\u2019ultimo minuto per il solito governicchio tecnico \u201cDi transizione\u201d, \u201cDi bilancio\u201d etc etc. Non \u00e8 detto che non ci provino, nel breve tempo facendo un grosso sgambetto a Salvini, ma nel medio lungo, vista l\u2019incapacit\u00e0 di fare una manovra espansiva per la totale sottomissione a Bruxelles, facendogli un grande favore.<\/p>\n<p>Perch\u00e8 Salvini ha dato questa accelerazione:<\/p>\n<p>Strategicamente:<\/p>\n<ul>\n<li>non pu\u00f2 fare nulla con un governo in cui tre ministeri chiave, Esteri, Economia e Difesa sono in mano al Quirinale. Non si pu\u00f2 fare una manovra espansiva con un ministro dell\u2019Economia che non vede l\u2019ora di aumentare l\u2019IVA; non si pu\u00f2 fare politica estera con un ministro che non ha ancora risposto alla richiesta USA di partecipare alla scorta nel Golfo; non si pu\u00f2 fare Difesa con un ministro che ha ceduto i segreti militari alla Francia.<\/li>\n<li>ha ritenuto, a torto o a ragione, che la sua posizione sia di forza nel paese, dal punto di vista elettorale;<\/li>\n<li>ha anticipato qualsiasi mossa di avversari ed \u201cAlleati\u201d;<\/li>\n<li>comunque ha buttato la palla dall\u2019altra parte;<\/li>\n<li>il fatto che comunque i vincoli posti da Conte e dal Quirinale all\u2019operato del governo erano divenuti troppo stretti.<\/li>\n<\/ul>\n<p>Ci saranno stati sicuramente, in una decisione del genere, dei fattori caratteriali:<\/p>\n<ul>\n<li>i continui fastidiosi piccoli attacchi di una stampa che non ha nulla da dire, come ad esempio le ultime polemiche sul figlio sulla moto d\u2019acqua o del Papetee beach ed il desiderio di chiuderle con una notizia vera;<\/li>\n<li>il doversi confrontare ad ogni voto con l\u2019ala da centro sociale dei Cinque Stelle, i vari Fico etc, incapaci di stare nel proprio ruolo;<\/li>\n<li>il trovarsi, ad ogni legge, le \u201cOsservazioni\u201d del Quirinale che sembrano suggerimenti per ricorsi alla corte costituzionale e che sono indicatori dell\u2019incapacit\u00e0 di stare al proprio posto.<\/li>\n<\/ul>\n<p>Salvini ha fatto bene o ha sbagliato? Questo lo sapremo piuttosto presto, sicuramente \u00e8 una figura totalmente estranea al profilo politico italiano, perch\u00e8 ha fatto una cosa incredibile, quasi inaudita: ha preso una decisione.<\/p>\n<p>Fonte: <a href=\"https:\/\/scenarieconomici.it\/il-dato-e-tratto\/\" target=\"_blank\" rel=\"noopener noreferrer\">Scenari Economici<\/a><\/p>\n","protected":false},"excerpt":{"rendered":"<p>di Fabio Lugano. Perch\u00e8 Salvini ha dato questa accelerazione. Strategicamente: non pu\u00f2 fare nulla con un governo in cui tre ministeri chiave, Esteri, Economia e Difesa sono in mano al Quirinale. Non si pu\u00f2 fare una manovra espansiva con un ministro dell\u2019Economia che non vede l\u2019ora di aumentare l\u2019IVA; non si pu\u00f2 fare politica estera &hellip; <a href=\"https:\/\/www.libertaepersona.org\/wordpress\/2019\/08\/il-dato-e-tratto\/\" class=\"more-link\">Continue reading<span class=\"screen-reader-text\"> &#8220;Il dato \u00e8 tratto?&#8221;<\/span><\/a><\/p>\n","protected":false},"author":32,"featured_media":180050,"comment_status":"open","ping_status":"open","sticky":false,"template":"","format":"standard","meta":{"rop_custom_images_group":[],"rop_custom_messages_group":[],"rop_publish_now":"initial","rop_publish_now_accounts":[],"rop_publish_now_history":[],"rop_publish_now_status":"pending","footnotes":""},"categories":[153],"tags":[],"class_list":["post-150686","post","type-post","status-publish","format-standard","has-post-thumbnail","hentry","category-news-dalla-rete"],"_links":{"self":[{"href":"https:\/\/www.libertaepersona.org\/wordpress\/wp-json\/wp\/v2\/posts\/150686","targetHints":{"allow":["GET"]}}],"collection":[{"href":"https:\/\/www.libertaepersona.org\/wordpress\/wp-json\/wp\/v2\/posts"}],"about":[{"href":"https:\/\/www.libertaepersona.org\/wordpress\/wp-json\/wp\/v2\/types\/post"}],"author":[{"embeddable":true,"href":"https:\/\/www.libertaepersona.org\/wordpress\/wp-json\/wp\/v2\/users\/32"}],"replies":[{"embeddable":true,"href":"https:\/\/www.libertaepersona.org\/wordpress\/wp-json\/wp\/v2\/comments?post=150686"}],"version-history":[{"count":0,"href":"https:\/\/www.libertaepersona.org\/wordpress\/wp-json\/wp\/v2\/posts\/150686\/revisions"}],"wp:featuredmedia":[{"embeddable":true,"href":"https:\/\/www.libertaepersona.org\/wordpress\/wp-json\/wp\/v2\/media\/180050"}],"wp:attachment":[{"href":"https:\/\/www.libertaepersona.org\/wordpress\/wp-json\/wp\/v2\/media?parent=150686"}],"wp:term":[{"taxonomy":"category","embeddable":true,"href":"https:\/\/www.libertaepersona.org\/wordpress\/wp-json\/wp\/v2\/categories?post=150686"},{"taxonomy":"post_tag","embeddable":true,"href":"https:\/\/www.libertaepersona.org\/wordpress\/wp-json\/wp\/v2\/tags?post=150686"}],"curies":[{"name":"wp","href":"https:\/\/api.w.org\/{rel}","templated":true}]}}