{"id":150671,"date":"2019-08-08T22:42:07","date_gmt":"2019-08-08T21:42:07","guid":{"rendered":"http:\/\/www.libertaepersona.org\/wordpress\/?p=150671"},"modified":"2019-08-15T22:54:36","modified_gmt":"2019-08-15T21:54:36","slug":"tutti-gli-uomini-di-bergoglio-1","status":"publish","type":"post","link":"https:\/\/www.libertaepersona.org\/wordpress\/2019\/08\/tutti-gli-uomini-di-bergoglio-1\/","title":{"rendered":"Tutti gli uomini di Bergoglio (1)"},"content":{"rendered":"\n<figure class=\"wp-block-image\"><img decoding=\"async\" width=\"1024\" height=\"613\" data-src=\"https:\/\/www.libertaepersona.org\/wordpress\/wp-content\/uploads\/2019\/08\/Cattura-3-1024x613.jpg\" alt=\"\" class=\"wp-image-150683 lazyload\" data-srcset=\"https:\/\/www.libertaepersona.org\/wordpress\/wp-content\/uploads\/2019\/08\/Cattura-3-1024x613.jpg 1024w, https:\/\/www.libertaepersona.org\/wordpress\/wp-content\/uploads\/2019\/08\/Cattura-3-300x179.jpg 300w, https:\/\/www.libertaepersona.org\/wordpress\/wp-content\/uploads\/2019\/08\/Cattura-3-768x459.jpg 768w, https:\/\/www.libertaepersona.org\/wordpress\/wp-content\/uploads\/2019\/08\/Cattura-3.jpg 1217w\" data-sizes=\"(max-width: 709px) 85vw, (max-width: 909px) 67vw, (max-width: 1362px) 62vw, 840px\" src=\"data:image\/svg+xml;base64,PHN2ZyB3aWR0aD0iMSIgaGVpZ2h0PSIxIiB4bWxucz0iaHR0cDovL3d3dy53My5vcmcvMjAwMC9zdmciPjwvc3ZnPg==\" style=\"--smush-placeholder-width: 1024px; --smush-placeholder-aspect-ratio: 1024\/613;\" \/><\/figure>\n\n\n\n<p class=\"wp-block-paragraph\"><em> Il<\/em><strong><em> <\/em><\/strong><em>quotidiano <\/em>La Verit\u00e0 <em>ha pubblicato alcune puntate sugli uomini scelti da Bergoglio per guidare la chiesa. Il primo di questi articoli \u00e8 uscito il 19 luglio. Nessuna smentita \u00e8 mai arrivata, nonostante la gravit\u00e0 delle accuse&#8230; che, a questo punto, vanno conosciute, perch\u00e8 &#8220;amicus Plato, sed magis amica Veritas&#8221;. <\/em><\/p>\n\n\n\n<p class=\"wp-block-paragraph\">\n<em>Tra scandali economici e\nsessuali<\/em><\/p>\n\n\n\n<p class=\"wp-block-paragraph\"><strong>di Ignazio Mangrano<\/strong><\/p>\n\n\n\n<p class=\"wp-block-paragraph\">Dopo sei anni di\npontificato, dopo mesi e mesi di silenzio sul \u201cdossier Vigan\u00f2\u201d,\n\u00e8 utile fare un quadretto il pi\u00f9 possibile completo dell\u2019entourage\ndi Bergoglio. \n<\/p>\n\n\n\n<!--more-->\n\n\n\n<figure class=\"wp-block-image is-resized\"><img decoding=\"async\" data-src=\"https:\/\/www.libertaepersona.org\/wordpress\/wp-content\/uploads\/2019\/08\/Daneels-1.jpg\" alt=\"\" class=\"wp-image-150672 lazyload\" width=\"502\" height=\"623\" data-srcset=\"https:\/\/www.libertaepersona.org\/wordpress\/wp-content\/uploads\/2019\/08\/Daneels-1.jpg 669w, https:\/\/www.libertaepersona.org\/wordpress\/wp-content\/uploads\/2019\/08\/Daneels-1-242x300.jpg 242w\" data-sizes=\"(max-width: 502px) 85vw, 502px\" src=\"data:image\/svg+xml;base64,PHN2ZyB3aWR0aD0iMSIgaGVpZ2h0PSIxIiB4bWxucz0iaHR0cDovL3d3dy53My5vcmcvMjAwMC9zdmciPjwvc3ZnPg==\" style=\"--smush-placeholder-width: 502px; --smush-placeholder-aspect-ratio: 502\/623;\" \/><\/figure>\n\n\n\n<p class=\"wp-block-paragraph\">Partiamo dal defunto cardinal <strong>Goffried <\/strong><em><strong>Daneels<\/strong>,<\/em> noto per essere stato uno dei suoi grandi elettori e membro di quella che lui stesso ha definito \u201cla mafia di San Gallo\u201d. Dal punto di vista delle idee, Daneels ha rappresentato per anni l\u2019opposizione ideologica a Giovanni Paolo II e Benedetto XVI, soprattutto in materia di morale.  <\/p>\n\n\n\n<p class=\"wp-block-paragraph\">E\u2019 stato, infatti, favorevole a leggi sulle unioni civili tra omosessuali, oltre che all\u2019idea di concedere la comunione anche ai divorziati risposati (Paolo Rodari, Repubblica, 16\/10\/2014).  <\/p>\n\n\n\n<figure class=\"wp-block-image is-resized\"><img decoding=\"async\" data-src=\"https:\/\/www.libertaepersona.org\/wordpress\/wp-content\/uploads\/2019\/08\/Daneels-2.jpg\" alt=\"\" class=\"wp-image-150673 lazyload\" width=\"527\" height=\"682\" data-srcset=\"https:\/\/www.libertaepersona.org\/wordpress\/wp-content\/uploads\/2019\/08\/Daneels-2.jpg 702w, https:\/\/www.libertaepersona.org\/wordpress\/wp-content\/uploads\/2019\/08\/Daneels-2-232x300.jpg 232w\" data-sizes=\"(max-width: 527px) 85vw, 527px\" src=\"data:image\/svg+xml;base64,PHN2ZyB3aWR0aD0iMSIgaGVpZ2h0PSIxIiB4bWxucz0iaHR0cDovL3d3dy53My5vcmcvMjAwMC9zdmciPjwvc3ZnPg==\" style=\"--smush-placeholder-width: 527px; --smush-placeholder-aspect-ratio: 527\/682;\" \/><\/figure>\n\n\n\n<p class=\"wp-block-paragraph\">Soprattutto <strong>il cardinale belga \u00e8 stato accusato pi\u00f9 volte di essere un insabbiatore seriale, che ha protetto ecclesiastici omosessuali e pedofili<\/strong>: nel 1998 \u00e8 stato condannato a 500 mila franchi di multa per aver protetto un parroco gay abusatore; poi \u00e8 finito sotto le accuse di un ex sacerdote, Rik Devill\u00e9, e di un\u2019altra ventina di persone; in seguito \u00e8 stato sospettato di aver coperto il vescovo di Bruges, reo confesso di violenze sul nipotino! Nel 2010 si \u00e8 arrivati persin<em>o a<\/em>lla perquisizione della casa del cardinale e al sequestro del suo computer!<\/p>\n\n\n\n<p class=\"wp-block-paragraph\"><em>Cos\u00ec<\/em><em>\nIl Post<\/em><em>\ndel 30 agosto 2010: \u201cNei giorni scorsi la stampa belga ha\npubblicato le registrazioni audio di due incontri dello scorso aprile\ntra il cardinale Godfried Daneels \u2013 ex arcivescovo di Bruxelles \u2013\ne una delle vittime degli abusi di pedofilia commessi dall\u2019ex\nvescovo di Bruges Roger Vangheluwe, costretto a dimettersi lo scorso\ngiugno dopo aver chiesto scusa per i suoi reati. Nelle registrazioni\nDanneels cercava di convincere la vittima, ora un uomo di 42 anni, a\nnon rivelare il suo caso a distanza di cos\u00ec tanto tempo, o almeno ad\naspettare fino al pensionamento del prelato: \u00abSi ritirer\u00e0 il\nprossimo anno, e per te sarebbe meglio aspettare\u00bb, riportano le\nintercettazioni pubblicate da De Standaard e Het Nieuwsblad&#8230;\u201d\n(<a href=\"https:\/\/www.ilpost.it\/2010\/08\/30\/belgio-le-indagini-contro-i-vescovi-non-erano-cosi-spropositate\/\">https:\/\/www.ilpost.it\/2010\/08\/30\/belgio-le-indagini-contro-i-vescovi-non-erano-cosi-spropositate\/<\/a>).<\/em><\/p>\n\n\n\n<p class=\"wp-block-paragraph\"><em>Il\ngior<\/em><em>nalista<\/em><em>\n<\/em><em><strong>Emiliano\nFittipaldi<\/strong><\/em><em>,\nnel suo \u201c<\/em><em>Lussuria:\nPeccati, scandali e tradimenti di una Chiesa fatta di uomini\u201d,\n<\/em><em>dedica\nalcune pagine proprio a<\/em><em>gli\nintrighi del<\/em><em>\ncardinale belga, ricorda le pubbliche richieste di scuse del\ncardinale stesso, <\/em><em>e\nconclude<\/em><em>\ncon questa frase:<\/em><em>\n\u201cIl 13 marzo 2013 sar\u00e0 uno dei grandi sponsor di Bergoglio. Sar\u00e0\nlui uno dei fedelissimi <\/em><em>(convocato\npers<\/em><em>o<\/em><em>nalmente\ndal papa, ndr) <\/em><em>che\ncercher\u00e0 di spingere le istanze progressiste al Sinodo sulla\nfamiglia. Tutto \u00e8 perdonato\u201d. <\/em>\n<\/p>\n\n\n\n<p class=\"wp-block-paragraph\"> Daneels \u00e8 morto il 15 marzo 2019: i giornali di quei giorni hanno ricordato la sua antica amicizia con Bergoglio, le sue battaglie contro nazionalismo, islamofobia e a favore dei migranti e degli accordi tra Vaticano e Cina, ma anche gli scandali che ne hanno fatto, agli occhi della gente, un \u201cinsabbiatore\u201d. Mentre nel telegramma di cordoglio, Bergoglio ha preferito l\u2019elogio incondizionato, definendolo \u201c<em>un pastore zelante attento alle sfide della Chiesa contemporanea<\/em>\u201d.<\/p>\n\n\n\n<figure class=\"wp-block-image is-resized\"><img decoding=\"async\" data-src=\"https:\/\/www.libertaepersona.org\/wordpress\/wp-content\/uploads\/2019\/08\/Wuerl-2-1024x597.jpg\" alt=\"\" class=\"wp-image-150674 lazyload\" width=\"768\" height=\"448\" data-srcset=\"https:\/\/www.libertaepersona.org\/wordpress\/wp-content\/uploads\/2019\/08\/Wuerl-2-1024x597.jpg 1024w, https:\/\/www.libertaepersona.org\/wordpress\/wp-content\/uploads\/2019\/08\/Wuerl-2-300x175.jpg 300w, https:\/\/www.libertaepersona.org\/wordpress\/wp-content\/uploads\/2019\/08\/Wuerl-2-768x448.jpg 768w, https:\/\/www.libertaepersona.org\/wordpress\/wp-content\/uploads\/2019\/08\/Wuerl-2.jpg 1453w\" data-sizes=\"(max-width: 709px) 85vw, (max-width: 909px) 67vw, (max-width: 984px) 61vw, (max-width: 1362px) 45vw, 600px\" src=\"data:image\/svg+xml;base64,PHN2ZyB3aWR0aD0iMSIgaGVpZ2h0PSIxIiB4bWxucz0iaHR0cDovL3d3dy53My5vcmcvMjAwMC9zdmciPjwvc3ZnPg==\" style=\"--smush-placeholder-width: 768px; --smush-placeholder-aspect-ratio: 768\/448;\" \/><\/figure>\n\n\n\n<p class=\"wp-block-paragraph\">Il secondo cardinale su cui soffermarsi \u00e8 <strong>Donald Wuerl<\/strong>, definito dai vaticanisti americani \u201cthe Pope maker\u201d, cio\u00e8 il grande elettore di Bergoglio: \u201c<em>Ma insieme agli italiani anche gli americani, spinti su Bergoglio dal loro principale Pope Maker: l&#8217; arcivescovo di Washington Donald Wuerl<\/em>\u201d (Paolo Rodari, <em>Repubblica<\/em>, 15\/3\/2013). <\/p>\n\n\n\n<figure class=\"wp-block-image is-resized\"><img decoding=\"async\" data-src=\"https:\/\/www.libertaepersona.org\/wordpress\/wp-content\/uploads\/2019\/08\/Pope_Francis_with_Cardinal_McCarrick_810_500_75_s_c1.jpg\" alt=\"\" class=\"wp-image-150677 lazyload\" width=\"608\" height=\"375\" data-srcset=\"https:\/\/www.libertaepersona.org\/wordpress\/wp-content\/uploads\/2019\/08\/Pope_Francis_with_Cardinal_McCarrick_810_500_75_s_c1.jpg 810w, https:\/\/www.libertaepersona.org\/wordpress\/wp-content\/uploads\/2019\/08\/Pope_Francis_with_Cardinal_McCarrick_810_500_75_s_c1-300x185.jpg 300w, https:\/\/www.libertaepersona.org\/wordpress\/wp-content\/uploads\/2019\/08\/Pope_Francis_with_Cardinal_McCarrick_810_500_75_s_c1-768x474.jpg 768w\" data-sizes=\"(max-width: 709px) 85vw, (max-width: 909px) 67vw, (max-width: 984px) 61vw, (max-width: 1362px) 45vw, 600px\" src=\"data:image\/svg+xml;base64,PHN2ZyB3aWR0aD0iMSIgaGVpZ2h0PSIxIiB4bWxucz0iaHR0cDovL3d3dy53My5vcmcvMjAwMC9zdmciPjwvc3ZnPg==\" style=\"--smush-placeholder-width: 608px; --smush-placeholder-aspect-ratio: 608\/375;\" \/><figcaption>Bergoglio e McCarrick<\/figcaption><\/figure>\n\n\n\n<p class=\"wp-block-paragraph\">Wuerl \u00e8, idealmente parlando, l\u2019oppositore negli Usa del cardinal Raymond Leo Burke, di cui \u00e8 arrivato a chiedere pubblicamente le dimissioni, ed \u00e8 molto vicino, politicamente, alle posizioni dei liberal. Soprattutto \u00e8 intimamente legato, come altri tre ecclesiastici elevati alla berretta cardinalizia da Bergoglio stesso (<strong>Kevin Farrell<\/strong>, <strong>Joseph<\/strong> <strong>William Tobin<\/strong> e <strong>Blase Cupich<\/strong>), al cardinale <strong>Theodore Edgar McCarrick<\/strong>: un potente prelato cheBergoglio, dopo aver promosso tutti i suoi pupilli e ignorato i provvedimenti presi in precedenza contro di lui, ha dovuto far dimettere dallo stato clericale in seguito all\u2019evidenza conclamata dei suoi reati (violenze omosessuali ai danni di seminaristi e pedofilia).  <\/p>\n\n\n\n<figure class=\"wp-block-image is-resized\"><img decoding=\"async\" data-src=\"https:\/\/www.libertaepersona.org\/wordpress\/wp-content\/uploads\/2019\/08\/Gli-amici-e-collaboratori-che-non-sapevano-nulla-tutti-promossi-cardinali.jpg\" alt=\"\" class=\"wp-image-150675 lazyload\" width=\"705\" height=\"535\" data-srcset=\"https:\/\/www.libertaepersona.org\/wordpress\/wp-content\/uploads\/2019\/08\/Gli-amici-e-collaboratori-che-non-sapevano-nulla-tutti-promossi-cardinali.jpg 940w, https:\/\/www.libertaepersona.org\/wordpress\/wp-content\/uploads\/2019\/08\/Gli-amici-e-collaboratori-che-non-sapevano-nulla-tutti-promossi-cardinali-300x228.jpg 300w, https:\/\/www.libertaepersona.org\/wordpress\/wp-content\/uploads\/2019\/08\/Gli-amici-e-collaboratori-che-non-sapevano-nulla-tutti-promossi-cardinali-768x583.jpg 768w\" data-sizes=\"(max-width: 709px) 85vw, (max-width: 909px) 67vw, (max-width: 984px) 61vw, (max-width: 1362px) 45vw, 600px\" src=\"data:image\/svg+xml;base64,PHN2ZyB3aWR0aD0iMSIgaGVpZ2h0PSIxIiB4bWxucz0iaHR0cDovL3d3dy53My5vcmcvMjAwMC9zdmciPjwvc3ZnPg==\" style=\"--smush-placeholder-width: 705px; --smush-placeholder-aspect-ratio: 705\/535;\" \/><\/figure>\n\n\n\n<p class=\"wp-block-paragraph\">Wuerl \u00e8 finito sotto la lente della magistratura americana, in quanto secondo il Rapporto del Grand Jury della Pennsylvania quando era vescovo di<strong> Pittsburgh,<\/strong> \u201c<em>trasfer\u00ec e spost\u00f2 preti che avevano abusato di adolescenti maschi, nascondendo le notizie alle autorit\u00e0 civili e addirittura pagando uno di loro perch\u00e9 tacesse<\/em>\u201d.  <\/p>\n\n\n\n<p class=\"wp-block-paragraph\">Ciononostante \u00e8 stato sostenuto e puntellato per mesi da Bergoglio, fino a che, a causa delle contestazioni della comunit\u00e0 cattolica americana e di grandi giornali come <em>The Washington Post<\/em> e <em>The New York Times<\/em> (che hanno espresso sconcerto per il comportamento della coppia Wuerl-Bergoglio), ha ritenuto opportuno lui stesso lasciare l\u2019incarico di arcivescovo della capitale<em>. <\/em> <\/p>\n\n\n\n<p class=\"wp-block-paragraph\"><em>Cos\u00ec Avvenire <\/em>del 12 ottobre 2018: \u201c<em>Il Papa accetta la rinuncia dell&#8217;arcivescovo di Washington Wuerl. Nell&#8217;indagine sugli abusi sessuali su minori condotta nello Stato Usa della Pennsylvania, il cardinale era stato accusato di aver coperto numerosi preti pedofili quand&#8217;era vescovo di Pittsburgh<\/em>\u201d.  <\/p>\n\n\n\n<p class=\"wp-block-paragraph\">Nello stesso articolo, per\u00f2, si legge un elogio di Bergoglio alla presunta \u201c<em>nobilt\u00e0<\/em>\u201d del cardinale inquisito e costretto alla rinuncia.  <\/p>\n\n\n\n<p class=\"wp-block-paragraph\">Sino\na qui <strong>sono dunque gi\u00e0 sei i cardinali di stretta osservanza\nbergogliana<\/strong> coinvolti in brutti scandali, destinati probabilmente\nad aumentare a causa di possibili indagini della magistratura\namericana a carico della triade degli amici di McCarrick (i gi\u00e0\ncitati cardinali Farrell, Cupich e Tobin).<\/p>\n\n\n\n<p class=\"wp-block-paragraph\">Ma\nnon \u00e8 finita qui. \n<\/p>\n\n\n\n<figure class=\"wp-block-image is-resized\"><img decoding=\"async\" data-src=\"https:\/\/www.libertaepersona.org\/wordpress\/wp-content\/uploads\/2019\/08\/zanchetta.jpg\" alt=\"\" class=\"wp-image-150676 lazyload\" width=\"500\" height=\"623\" data-srcset=\"https:\/\/www.libertaepersona.org\/wordpress\/wp-content\/uploads\/2019\/08\/zanchetta.jpg 666w, https:\/\/www.libertaepersona.org\/wordpress\/wp-content\/uploads\/2019\/08\/zanchetta-241x300.jpg 241w\" data-sizes=\"(max-width: 500px) 85vw, 500px\" src=\"data:image\/svg+xml;base64,PHN2ZyB3aWR0aD0iMSIgaGVpZ2h0PSIxIiB4bWxucz0iaHR0cDovL3d3dy53My5vcmcvMjAwMC9zdmciPjwvc3ZnPg==\" style=\"--smush-placeholder-width: 500px; --smush-placeholder-aspect-ratio: 500\/623;\" \/><\/figure>\n\n\n\n<p class=\"wp-block-paragraph\">Se ci spostiamo nella terra originaria di Bergoglio, ci troviamo di fronte alle oscure vicende di <strong>Gustavo \u00d3scar Zanchetta: <\/strong>questo prelato argentino \u00e8 molto vicino al pontefice argentino, che nel luglio 2013, cio\u00e8 poco dopo la nomina, lo promuove tempestivamente a vescovo di Or\u00e0n. Il 19 dicembre 2017, sempre papa Francesco lo vuole come assessore dell\u2019<em>Amministrazione del patrimonio della sede Apostolica<\/em>, chiamandolo a Roma. La promozione suona sospetta, soprattutto quando il monsignore finisce sotto le indagini della magistratura argentina.  <\/p>\n\n\n\n<p class=\"wp-block-paragraph\"> Cos\u00ec Salvatore Cernuzio su <em>La stampa<\/em> dell\u20198 giugno 2019: \u201c \u00ab<em>Abusi sessuali continui aggravati\u00bb. Con questa accusa del procuratore della provincia argentina di Salta, Monica Viazzi, finisce sotto processo in Argentina monsignor Gustavo Zanchetta, 54 anni, il vescovo protagonista di uno strano caso di dimissioni dalla diocesi di Oran tre anni fa, nominato dal Papa assessore dell\u2019Apsa. Il giudice Claudio Parisi ha accusato ieri formalmente il presule di aver molestato sessualmente due seminaristi mentre era ordinario diocesano e quindi prima di lasciare la carica ed essere trasferito in Vaticano presso l\u2019importante ufficio che amministra il patrimonio della Santa Sede<\/em>\u201d.  <\/p>\n\n\n\n<p class=\"wp-block-paragraph\"> Il suo caso, prosegue il giornalista, \u201c<em>era iniziato il 29 luglio 2017 quando si era dimesso improvvisamente da Oran, diocesi al nord dell\u2019Argentina caratterizzata da povert\u00e0, minacce costanti da parte dei narcos e altre problematiche, dove Bergoglio lo aveva posto nel 2013 tra le sue prime nomine episcopali. La scelta delle dimissioni era motivata da un \u00abproblema di salute\u00bb che non gli permetteva di \u00absvolgere pienamente il ministero pastorale\u00bb. Dopo alcuni mesi in cui, di fatto, era sparito dalla circolazione, era riapparso a Roma nel ruolo inedito di consigliere dell\u2019Apsa \u00abin considerazione della sua capacit\u00e0 di gestione amministrativa\u00bb. Una posizione che non figurava precedentemente nell\u2019organigramma del Dicastero e che non ha mai implicato alcuna responsabilit\u00e0 di governo\u2026<\/em>.\u201d.<\/p>\n\n\n\n<p class=\"wp-block-paragraph\"> Richiesto dalla vaticanista <strong>Valentina Alazraki<\/strong>, nel maggio 2019, sul perch\u00e8 un prelato con tali accuse pendenti fosse stato chiamato a Roma, per di pi\u00f9 con un incarico economico cos\u00ec prestigioso creato ad hoc per lui, Bergoglio, piuttosto in difficolt\u00e0, risponde tra l\u2019altro: \u00ab<em>Certo aveva un modo di trattare, a detta di alcuni, dispotico, autoritario, una gestione economica delle cose non del tutto chiara, sembra, ma ci\u00f2 non \u00e8 stato dimostrato. \u00c8 indubbio che il clero non si sentiva trattato bene da lui\u2026 Economicamente era disordinato, ma non ha gestito male economicamente le opere che ha fatto. Era disordinato ma la visione \u00e8 buona<\/em>\u00bb (<em>La Stampa<\/em>, 28\/5\/2109).  <\/p>\n\n\n\n<p class=\"wp-block-paragraph\">Una difesa che, nella sua contorsione e goffa contraddittoriet\u00e0, si commenta da sola.  <\/p>\n\n\n\n<p class=\"wp-block-paragraph\"><strong>Vedi le altre due puntate:<\/strong><\/p>\n\n\n\n<figure class=\"wp-block-embed-wordpress wp-block-embed is-type-wp-embed is-provider-liberta-e-persona\"><div class=\"wp-block-embed__wrapper\">\n<blockquote class=\"wp-embedded-content\" data-secret=\"Sf37FPF7Zw\"><a href=\"https:\/\/www.libertaepersona.org\/wordpress\/2019\/08\/la-banda-latino-americana-2\/\">La banda latino-americana (2)<\/a><\/blockquote><iframe class=\"wp-embedded-content lazyload\" sandbox=\"allow-scripts\" security=\"restricted\" style=\"position: absolute; clip: rect(1px, 1px, 1px, 1px);\" title=\"&#8220;La banda latino-americana (2)&#8221; &#8212; \" data-src=\"https:\/\/www.libertaepersona.org\/wordpress\/2019\/08\/la-banda-latino-americana-2\/embed\/#?secret=Z5yqjfS0go#?secret=Sf37FPF7Zw\" data-secret=\"Sf37FPF7Zw\" width=\"600\" height=\"338\" frameborder=\"0\" marginwidth=\"0\" marginheight=\"0\" scrolling=\"no\" src=\"data:image\/svg+xml;base64,PHN2ZyB3aWR0aD0iMSIgaGVpZ2h0PSIxIiB4bWxucz0iaHR0cDovL3d3dy53My5vcmcvMjAwMC9zdmciPjwvc3ZnPg==\" data-load-mode=\"0\"><\/iframe>\n<\/div><\/figure>\n\n\n\n<figure class=\"wp-block-embed-wordpress wp-block-embed is-type-wp-embed is-provider-liberta-e-persona\"><div class=\"wp-block-embed__wrapper\">\n<blockquote class=\"wp-embedded-content\" data-secret=\"2Vx1Tc6Cey\"><a href=\"https:\/\/www.libertaepersona.org\/wordpress\/2019\/08\/gli-italiani-scelti-da-bergoglio-per-affossare-i-principi-non-negoziabili\/\">Gli italiani scelti da Bergoglio per affossare i &#8220;principi non negoziabili&#8221;<\/a><\/blockquote><iframe class=\"wp-embedded-content lazyload\" sandbox=\"allow-scripts\" security=\"restricted\" style=\"position: absolute; clip: rect(1px, 1px, 1px, 1px);\" title=\"&#8220;Gli italiani scelti da Bergoglio per affossare i &#8220;principi non negoziabili&#8221;&#8221; &#8212; \" data-src=\"https:\/\/www.libertaepersona.org\/wordpress\/2019\/08\/gli-italiani-scelti-da-bergoglio-per-affossare-i-principi-non-negoziabili\/embed\/#?secret=dbyXE4YOyC#?secret=2Vx1Tc6Cey\" data-secret=\"2Vx1Tc6Cey\" width=\"600\" height=\"338\" frameborder=\"0\" marginwidth=\"0\" marginheight=\"0\" scrolling=\"no\" src=\"data:image\/svg+xml;base64,PHN2ZyB3aWR0aD0iMSIgaGVpZ2h0PSIxIiB4bWxucz0iaHR0cDovL3d3dy53My5vcmcvMjAwMC9zdmciPjwvc3ZnPg==\" data-load-mode=\"0\"><\/iframe>\n<\/div><\/figure>\n","protected":false},"excerpt":{"rendered":"<p>Il quotidiano La Verit\u00e0 ha pubblicato alcune puntate sugli uomini scelti da Bergoglio per guidare la chiesa. Il primo di questi articoli \u00e8 uscito il 19 luglio. Nessuna smentita \u00e8 mai arrivata, nonostante la gravit\u00e0 delle accuse&#8230; che, a questo punto, vanno conosciute, perch\u00e8 &#8220;amicus Plato, sed magis amica Veritas&#8221;. Tra scandali economici e sessuali &hellip; <a href=\"https:\/\/www.libertaepersona.org\/wordpress\/2019\/08\/tutti-gli-uomini-di-bergoglio-1\/\" class=\"more-link\">Continue reading<span class=\"screen-reader-text\"> &#8220;Tutti gli uomini di Bergoglio (1)&#8221;<\/span><\/a><\/p>\n","protected":false},"author":15,"featured_media":180050,"comment_status":"open","ping_status":"open","sticky":false,"template":"","format":"standard","meta":{"rop_custom_images_group":[],"rop_custom_messages_group":[],"rop_publish_now":"initial","rop_publish_now_accounts":[],"rop_publish_now_history":[],"rop_publish_now_status":"pending","footnotes":""},"categories":[1],"tags":[],"class_list":["post-150671","post","type-post","status-publish","format-standard","has-post-thumbnail","hentry","category-senza-categoria"],"_links":{"self":[{"href":"https:\/\/www.libertaepersona.org\/wordpress\/wp-json\/wp\/v2\/posts\/150671","targetHints":{"allow":["GET"]}}],"collection":[{"href":"https:\/\/www.libertaepersona.org\/wordpress\/wp-json\/wp\/v2\/posts"}],"about":[{"href":"https:\/\/www.libertaepersona.org\/wordpress\/wp-json\/wp\/v2\/types\/post"}],"author":[{"embeddable":true,"href":"https:\/\/www.libertaepersona.org\/wordpress\/wp-json\/wp\/v2\/users\/15"}],"replies":[{"embeddable":true,"href":"https:\/\/www.libertaepersona.org\/wordpress\/wp-json\/wp\/v2\/comments?post=150671"}],"version-history":[{"count":0,"href":"https:\/\/www.libertaepersona.org\/wordpress\/wp-json\/wp\/v2\/posts\/150671\/revisions"}],"wp:featuredmedia":[{"embeddable":true,"href":"https:\/\/www.libertaepersona.org\/wordpress\/wp-json\/wp\/v2\/media\/180050"}],"wp:attachment":[{"href":"https:\/\/www.libertaepersona.org\/wordpress\/wp-json\/wp\/v2\/media?parent=150671"}],"wp:term":[{"taxonomy":"category","embeddable":true,"href":"https:\/\/www.libertaepersona.org\/wordpress\/wp-json\/wp\/v2\/categories?post=150671"},{"taxonomy":"post_tag","embeddable":true,"href":"https:\/\/www.libertaepersona.org\/wordpress\/wp-json\/wp\/v2\/tags?post=150671"}],"curies":[{"name":"wp","href":"https:\/\/api.w.org\/{rel}","templated":true}]}}