{"id":150668,"date":"2019-08-08T08:13:26","date_gmt":"2019-08-08T07:13:26","guid":{"rendered":"http:\/\/www.libertaepersona.org\/wordpress\/?p=150668"},"modified":"2019-08-08T08:13:28","modified_gmt":"2019-08-08T07:13:28","slug":"da-salvini-a-padre-spadaro-la-madonna-e-fuori-posto","status":"publish","type":"post","link":"https:\/\/www.libertaepersona.org\/wordpress\/2019\/08\/da-salvini-a-padre-spadaro-la-madonna-e-fuori-posto\/","title":{"rendered":"Da Salvini a padre Spadaro, la Madonna \u00e8 fuori posto"},"content":{"rendered":"<p><a href=\"https:\/\/www.libertaepersona.org\/wordpress\/wp-content\/uploads\/2019\/08\/spadaro-madonna-gommone.jpg\"><img decoding=\"async\" class=\"aligncenter  wp-image-150669 lazyload\" data-src=\"https:\/\/www.libertaepersona.org\/wordpress\/wp-content\/uploads\/2019\/08\/spadaro-madonna-gommone-207x300.jpg\" alt=\"\" width=\"173\" height=\"251\" data-srcset=\"https:\/\/www.libertaepersona.org\/wordpress\/wp-content\/uploads\/2019\/08\/spadaro-madonna-gommone-207x300.jpg 207w, https:\/\/www.libertaepersona.org\/wordpress\/wp-content\/uploads\/2019\/08\/spadaro-madonna-gommone.jpg 471w\" data-sizes=\"(max-width: 173px) 85vw, 173px\" src=\"data:image\/svg+xml;base64,PHN2ZyB3aWR0aD0iMSIgaGVpZ2h0PSIxIiB4bWxucz0iaHR0cDovL3d3dy53My5vcmcvMjAwMC9zdmciPjwvc3ZnPg==\" style=\"--smush-placeholder-width: 173px; --smush-placeholder-aspect-ratio: 173\/251;\" \/><\/a><\/p>\n<p>di Stefano Fontana.<\/p>\n<p><em>L&#8217;uscita &#8220;mariana&#8221; del ministro dell&#8217;interno per l&#8217;approvazione del decreto sicurezza-bis ci poteva essere risparmiata, ma l&#8217;intervento di padre Spadaro con la Madonna-anti-Salvini \u00e8 allucinante. C&#8217;\u00e8 un degrado evidentissimo, ma chi critica la strumentalizzazione politica della Vergine da parte di Salvini \u00e8 anche chi vorrebbe estromettere completamente la Madonna dalla politica. La guerra alle smagliature delle uscite di Salvini\u00a0viene condotta da Spadaro &amp; Co. apparentemente per preservare la Madonna dalla strumentalizzazione politica, ma in realt\u00e0 per esiliarla da questo mondo, salvo poi strumentalizzarla politicamente anche pi\u00f9 di Salvini. \u00c8 proprio vero che rispetto ai padri Spadaro\u00a0e ai vescovi Giulietti, bisogna \u201cresistere, resistere, resistere\u201d<\/em><!--more--><\/p>\n<p style=\"text-align: center\">******************<\/p>\n<p>Nei giorni scorsi la sensibilit\u00e0 religiosa dei fedeli \u00e8 stata scossa nel vedere la Vergine Santissima strattonata di qua e di l\u00e0. Il ministro dell\u2019interno e segretario della Lega Matteo Salvini ha ringraziato la Madonna per l\u2019approvazione definitiva da parte del Parlamento del decreto sicurezza e per la fiducia concessa al governo. Poteva risparmiarselo. La devozione mariana di Salvini potrebbe esprimersi in modo pi\u00f9 adeguato, in contesti meno connotati da interessi, magari non contigui n\u00e9 assimilabili a manifestazioni elettorali agostane sulle spiagge romagnole.<\/p>\n<p><strong>Dall\u2019altra parte \u00e8 allucinante l\u2019intervento di padre Antonio Spadaro,<\/strong>\u00a0direttore de\u00a0<em>La Civilt\u00e0 Cattolica,<\/em>\u00a0che posta sui social una Madonna-anti-Salvini sopra un gommone, con il giubbotto di salvataggio come una potenziale immigrata clandestina e con sotto una frase dell\u2019inno del Magnificat. Se da un politico certi gesti possono dar fastidio, da un sacerdote, direttore della rivista dei Gesuiti e consigliere strettissimo di papa Francesco, la strumentalizzazione di Maria Santissima fa accapponare la pelle. Il degrado \u00e8 ormai evidentissimo e molti sacerdoti e vescovi hanno perso la bussola, compreso il vescovo di Lucca, Giulietti, che si fa fotografare con in mano un cartello contro il \u201cdecreto disumanit\u00e0\u201d di Salvini.<\/p>\n<p><strong>Se da un lato c\u2019\u00e8 un utilizzo politico immediato e facilone\u00a0<\/strong>del riferimento alla Madre di Dio, dall\u2019altro c\u2019\u00e8 l\u2019idea che Ella nulla debba avere a che fare con la vita politica e che qualsiasi appello alla Madonna nei campi profani della vita pubblica sia una specie di profanazione. Maria dovrebbe essere lasciata al di fuori, talmente al di fuori da non essere nemmeno mai nominata nella convinzione che la laicit\u00e0 della vita politica non si presti pi\u00f9 a queste incursioni del sacro nei propri confini profani.<\/p>\n<p><strong>Il mondo della politica sarebbe \u201cadulto\u201d e in Maria\u00a0<\/strong>si possono semmai trovare ispirazioni di devozione privata, ma non per indirizzare la vita pubblica delle comunit\u00e0 umane. I politici mai dovrebbero riferirsi alla Madonna perch\u00e9 sempre si tratterebbe di strumentalizzazione, e mai dovrebbero fare riferimento alla fede perch\u00e9 si tratterebbe di integralismo. Anzi, si finisce per sostenere che il variegato mondo della devozione mariana &#8211; quello dei santuari e delle apparizioni, per capirci &#8211; sarebbe tutto sommato un mondo \u201cdi destra\u201d, che cuce insieme improvvidamente politica e marianit\u00e0, che appoggia la costruzione di muri invece che di ponti, e che appoggia il \u201cdecreto disumanit\u00e0\u201d di Salvini. I fedeli di Maria vadano pure a Me\u0111ugorje, ma non si inventino di guardare alla Madonna per comprendere meglio il rapporto tra il mondo di lass\u00f9 e il mondo di quaggi\u00f9, tra religione cattolica e politica.<\/p>\n<p><strong>I credenti sanno che cos\u00ec non \u00e8, e che senza la teologia di Maria<\/strong>\u00a0non \u00e8 possibile collegare nel giusto modo politica e religione e, quindi, non \u00e8 possibile la stessa dottrina sociale della Chiesa cattolica. Senza la sua Immacolata Concezione e senza l\u2019Incarnazione di Dio nel Suo Grembo verginale, la politica non potrebbe essere purificata e salvata dai suoi egoismi e dalla sua superbia. La carne, la sessualit\u00e0, il matrimonio, la procreazione, la famiglia sarebbero lasciate senza redenzione. La fiducia che il Suo Cuore Immacolato alla fine trionfer\u00e0, colloca nella giusta luce le vie del mondo e le vie di Dio. Non \u00e8 per nulla sbagliato affidare a Maria la protezione della vita politica, n\u00e9 dichiarare da parte di un politico la propria \u201cmarianit\u00e0\u201d, n\u00e9 aprire un incontro di formazione politica con una preghiera mariana, n\u00e9 insegnare le influenze dei dogmi mariani sulla visione della politica.<\/p>\n<p><strong>I cattolici che vogliono estromettere Maria dalle cose pubbliche sbagliano<\/strong>\u00a0e si contraddicono nello stesso tempo. Essi oggi lo fanno soprattutto con il \u201cminimalismo mariano\u201d, quello di Enzo Bianchi o di Tonino Bello. Bianchi diceva che la promozione della donna da parte cattolica era stata troppo dipendente dal modello di Maria. Don Tonino Bello parlava di Maria come della \u201cdonna col grembiule\u201d. Cos\u00ec oggi padre Spadaro parla di Maria come della donna col giubbotto salvagente. Maria come una di noi. Maria come la donna del quotidiano, una donna normale. Sbagliano perch\u00e9 essa \u00e8 la Corredentrice e di redenzione ha bisogno anche la vita politica.<\/p>\n<p><strong>Ma perch\u00e9 anche si contraddicono? Perch\u00e9 alla fine anch\u2019essi\u00a0<\/strong>strumentalizzano politicamente la Madonna, e molto pi\u00f9 di Salvini. Maria sul gommone e con il salvagente al petto \u00e8 una immagine dissacratoria e secolarizzante, e per di pi\u00f9 adoperata a sostegno del Partito Democratico e del presidente della\u00a0Commissione europea\u00a0Van der Leyen, contro Orban e Boris Johnson: una strumentalizzazione di bassa lega.<\/p>\n<p><strong>La guerra alle smagliature delle uscite di Salvini<\/strong>\u00a0viene condotta da Spadaro &amp; Co. apparentemente per preservare la Madonna dalla strumentalizzazione politica, ma in realt\u00e0 per esiliarla da questo mondo, salvo poi strumentalizzarla politicamente anche pi\u00f9 di Salvini. \u00c8 proprio vero che rispetto ai padri Spadaro\u00a0e ai vescovi Giulietti, bisogna \u201cresistere, resistere, resistere\u201d.<\/p>\n<p>Fonte: <a href=\"http:\/\/www.lanuovabq.it\/it\/da-salvini-a-padre-spadaro-la-madonna-e-fuori-posto\" target=\"_blank\" rel=\"noopener noreferrer\">La nuova Bussola Quotidiana<\/a><\/p>\n","protected":false},"excerpt":{"rendered":"<p>di Stefano Fontana. L&#8217;uscita &#8220;mariana&#8221; del ministro dell&#8217;interno per l&#8217;approvazione del decreto sicurezza-bis ci poteva essere risparmiata, ma l&#8217;intervento di padre Spadaro con la Madonna-anti-Salvini \u00e8 allucinante. C&#8217;\u00e8 un degrado evidentissimo, ma chi critica la strumentalizzazione politica della Vergine da parte di Salvini \u00e8 anche chi vorrebbe estromettere completamente la Madonna dalla politica. La guerra &hellip; <a href=\"https:\/\/www.libertaepersona.org\/wordpress\/2019\/08\/da-salvini-a-padre-spadaro-la-madonna-e-fuori-posto\/\" class=\"more-link\">Continue reading<span class=\"screen-reader-text\"> &#8220;Da Salvini a padre Spadaro, la Madonna \u00e8 fuori posto&#8221;<\/span><\/a><\/p>\n","protected":false},"author":32,"featured_media":180050,"comment_status":"open","ping_status":"open","sticky":false,"template":"","format":"standard","meta":{"rop_custom_images_group":[],"rop_custom_messages_group":[],"rop_publish_now":"initial","rop_publish_now_accounts":[],"rop_publish_now_history":[],"rop_publish_now_status":"pending","footnotes":""},"categories":[153],"tags":[],"class_list":["post-150668","post","type-post","status-publish","format-standard","has-post-thumbnail","hentry","category-news-dalla-rete"],"_links":{"self":[{"href":"https:\/\/www.libertaepersona.org\/wordpress\/wp-json\/wp\/v2\/posts\/150668","targetHints":{"allow":["GET"]}}],"collection":[{"href":"https:\/\/www.libertaepersona.org\/wordpress\/wp-json\/wp\/v2\/posts"}],"about":[{"href":"https:\/\/www.libertaepersona.org\/wordpress\/wp-json\/wp\/v2\/types\/post"}],"author":[{"embeddable":true,"href":"https:\/\/www.libertaepersona.org\/wordpress\/wp-json\/wp\/v2\/users\/32"}],"replies":[{"embeddable":true,"href":"https:\/\/www.libertaepersona.org\/wordpress\/wp-json\/wp\/v2\/comments?post=150668"}],"version-history":[{"count":0,"href":"https:\/\/www.libertaepersona.org\/wordpress\/wp-json\/wp\/v2\/posts\/150668\/revisions"}],"wp:featuredmedia":[{"embeddable":true,"href":"https:\/\/www.libertaepersona.org\/wordpress\/wp-json\/wp\/v2\/media\/180050"}],"wp:attachment":[{"href":"https:\/\/www.libertaepersona.org\/wordpress\/wp-json\/wp\/v2\/media?parent=150668"}],"wp:term":[{"taxonomy":"category","embeddable":true,"href":"https:\/\/www.libertaepersona.org\/wordpress\/wp-json\/wp\/v2\/categories?post=150668"},{"taxonomy":"post_tag","embeddable":true,"href":"https:\/\/www.libertaepersona.org\/wordpress\/wp-json\/wp\/v2\/tags?post=150668"}],"curies":[{"name":"wp","href":"https:\/\/api.w.org\/{rel}","templated":true}]}}