{"id":150662,"date":"2019-08-07T07:13:12","date_gmt":"2019-08-07T06:13:12","guid":{"rendered":"http:\/\/www.libertaepersona.org\/wordpress\/?p=150662"},"modified":"2019-08-07T07:13:15","modified_gmt":"2019-08-07T06:13:15","slug":"il-suicidio-del-pd","status":"publish","type":"post","link":"https:\/\/www.libertaepersona.org\/wordpress\/2019\/08\/il-suicidio-del-pd\/","title":{"rendered":"Il Suicidio del PD"},"content":{"rendered":"<p><a href=\"https:\/\/www.libertaepersona.org\/wordpress\/wp-content\/uploads\/2019\/08\/dipartito-democratico.jpg\"><img decoding=\"async\" class=\"aligncenter  wp-image-150663 lazyload\" data-src=\"https:\/\/www.libertaepersona.org\/wordpress\/wp-content\/uploads\/2019\/08\/dipartito-democratico-300x212.jpg\" alt=\"\" width=\"184\" height=\"130\" data-srcset=\"https:\/\/www.libertaepersona.org\/wordpress\/wp-content\/uploads\/2019\/08\/dipartito-democratico-300x212.jpg 300w, https:\/\/www.libertaepersona.org\/wordpress\/wp-content\/uploads\/2019\/08\/dipartito-democratico-768x542.jpg 768w, https:\/\/www.libertaepersona.org\/wordpress\/wp-content\/uploads\/2019\/08\/dipartito-democratico.jpg 800w\" data-sizes=\"(max-width: 184px) 85vw, 184px\" src=\"data:image\/svg+xml;base64,PHN2ZyB3aWR0aD0iMSIgaGVpZ2h0PSIxIiB4bWxucz0iaHR0cDovL3d3dy53My5vcmcvMjAwMC9zdmciPjwvc3ZnPg==\" style=\"--smush-placeholder-width: 184px; --smush-placeholder-aspect-ratio: 184\/130;\" \/><\/a><\/p>\n<p>di Telesforo Boldrini.<\/p>\n<p>Un onorevole del PD va in carcere a vedere se gli assassini di un Carabiniere sono trattati bene, subito Orfini e la Bonino lo giustificano, 3 deputati del PD salgono su una nave che se ne frega delle leggi e dei confini italiani e cerca di speronare una motovedetta italiana della Finanza e il PD tratta la sua capitana come un eroe, un ministro del governo del PD, Legion d\u2019Onore della Repubblica Francese (Gozi), diventa ministro di Macron, Renzi e Zingaretti litigano sulla mozione per far dimettere Salvini e se ne dicono di tutti i colori, abbiamo il PD implicato a Bibbiano e nomina una commissione di Inchiesta sull\u2019argomento fatta dal PD emiliano che \u00e8 implicato. La domanda che si pone \u00e8 se il PD lo fa apposta per perdere voti, per dare voti a Salvini o \u00e8 solo stupidit\u00e0? La risposta non \u00e8 semplice. ma richiede un po\u2019 po\u2019 analisi.<!--more--><\/p>\n<p>Son tutte queste cose vedono il PD implicato e ci\u00f2 gli fa perdere voti il che a livello politico, oltre che morale, \u00e8 masochistico, la spiegazione logica ha diversi fattori. Il primo potrebbe essere la spocchia del potere. Il sapere che il PD controlla parte della magistratura, i mass media, i giornalini, la Scuola, le Universit\u00e0, parte della Chiesa Cattolica, ha amici potenti in Europa porta all\u2019idea di essere impuniti, qualsiasi cosa si faccia, anche se si prendono i soldi dei terremotati.<\/p>\n<p>Il secondo \u00e8 aver perso i punti di riferimento sia internazionali (l\u2019URSS) che sociali (il ceto operaio) e di essere diventato l\u2019alfiere della finanza internazionale e della borghesia ricca, che si occupa di questioni che con la gente comune hanno poco a che fare. Quindi il PD mira ad accreditarsi come partito \u201cradicale affidabile\u201d presso i laici e come partito \u201cbuonista\u201d per i cattolici..<\/p>\n<p>Il terzo, a mio avviso il pi\u00f9 importante, \u00e8 la convinzione di essere i pi\u00f9 colti, i pi\u00f9 saggi e i pi\u00f9 preparati oltre che i pi\u00f9 furbi. Ci\u00f2 gli deriva sia dall\u2019eredit\u00e0 politica del vecchio PCI sia del fatto che i suoi esponenti se lo dicono continuamente da soli. Ma ci\u00f2 ha delle conseguenze. La prima \u00e8 di ritenere gli avversari impreparati, fessi o comprabili. Il che non sempre \u00e8 vero. La seconda \u00e8 ritenere gli incidenti (litigi e scandali che siano) un fattore momentaneo, non costituzionale, ma che comunque sar\u00e0 superato. La terza \u00e8 ritenere che le coperture e le amicizie nazionali e internazionali supereranno qualsiasi ostacolo. Peccato che il mondo non si fermi in Europa, (USA, Gran Bretagna e Russia ne son fuori. L\u2019alleanza con la Germania non vi ricorda qualcosa?), le amicizie non sono infinite, e l\u2019Italia \u00e8 pur sempre una democrazia (Mattarella e PD permettendo).<\/p>\n<p>Fonte: <a href=\"https:\/\/scenarieconomici.it\/il-suicidio-del-pd\/\" target=\"_blank\" rel=\"noopener noreferrer\">Scenari Economici<\/a><\/p>\n","protected":false},"excerpt":{"rendered":"<p>di Telesforo Boldrini. Un onorevole del PD va in carcere a vedere se gli assassini di un Carabiniere sono trattati bene, subito Orfini e la Bonino lo giustificano, 3 deputati del PD salgono su una nave che se ne frega delle leggi e dei confini italiani e cerca di speronare una motovedetta italiana della Finanza &hellip; <a href=\"https:\/\/www.libertaepersona.org\/wordpress\/2019\/08\/il-suicidio-del-pd\/\" class=\"more-link\">Continue reading<span class=\"screen-reader-text\"> &#8220;Il Suicidio del PD&#8221;<\/span><\/a><\/p>\n","protected":false},"author":32,"featured_media":180050,"comment_status":"open","ping_status":"open","sticky":false,"template":"","format":"standard","meta":{"rop_custom_images_group":[],"rop_custom_messages_group":[],"rop_publish_now":"initial","rop_publish_now_accounts":[],"rop_publish_now_history":[],"rop_publish_now_status":"pending","footnotes":""},"categories":[153],"tags":[],"class_list":["post-150662","post","type-post","status-publish","format-standard","has-post-thumbnail","hentry","category-news-dalla-rete"],"_links":{"self":[{"href":"https:\/\/www.libertaepersona.org\/wordpress\/wp-json\/wp\/v2\/posts\/150662","targetHints":{"allow":["GET"]}}],"collection":[{"href":"https:\/\/www.libertaepersona.org\/wordpress\/wp-json\/wp\/v2\/posts"}],"about":[{"href":"https:\/\/www.libertaepersona.org\/wordpress\/wp-json\/wp\/v2\/types\/post"}],"author":[{"embeddable":true,"href":"https:\/\/www.libertaepersona.org\/wordpress\/wp-json\/wp\/v2\/users\/32"}],"replies":[{"embeddable":true,"href":"https:\/\/www.libertaepersona.org\/wordpress\/wp-json\/wp\/v2\/comments?post=150662"}],"version-history":[{"count":0,"href":"https:\/\/www.libertaepersona.org\/wordpress\/wp-json\/wp\/v2\/posts\/150662\/revisions"}],"wp:featuredmedia":[{"embeddable":true,"href":"https:\/\/www.libertaepersona.org\/wordpress\/wp-json\/wp\/v2\/media\/180050"}],"wp:attachment":[{"href":"https:\/\/www.libertaepersona.org\/wordpress\/wp-json\/wp\/v2\/media?parent=150662"}],"wp:term":[{"taxonomy":"category","embeddable":true,"href":"https:\/\/www.libertaepersona.org\/wordpress\/wp-json\/wp\/v2\/categories?post=150662"},{"taxonomy":"post_tag","embeddable":true,"href":"https:\/\/www.libertaepersona.org\/wordpress\/wp-json\/wp\/v2\/tags?post=150662"}],"curies":[{"name":"wp","href":"https:\/\/api.w.org\/{rel}","templated":true}]}}