{"id":150657,"date":"2019-08-06T08:21:00","date_gmt":"2019-08-06T07:21:00","guid":{"rendered":"http:\/\/www.libertaepersona.org\/wordpress\/?p=150657"},"modified":"2019-08-06T08:21:02","modified_gmt":"2019-08-06T07:21:02","slug":"benedetto-xvi-a-fianco-dei-docenti-licenziati","status":"publish","type":"post","link":"https:\/\/www.libertaepersona.org\/wordpress\/2019\/08\/benedetto-xvi-a-fianco-dei-docenti-licenziati\/","title":{"rendered":"Benedetto XVI a fianco dei docenti licenziati"},"content":{"rendered":"<p><a href=\"https:\/\/www.libertaepersona.org\/wordpress\/wp-content\/uploads\/2019\/08\/67850247_371974483702201_5092409948248211456_n-3.jpg\"><img decoding=\"async\" class=\"aligncenter  wp-image-150648 lazyload\" data-src=\"https:\/\/www.libertaepersona.org\/wordpress\/wp-content\/uploads\/2019\/08\/67850247_371974483702201_5092409948248211456_n-3-300x300.jpg\" alt=\"\" width=\"182\" height=\"182\" data-srcset=\"https:\/\/www.libertaepersona.org\/wordpress\/wp-content\/uploads\/2019\/08\/67850247_371974483702201_5092409948248211456_n-3-300x300.jpg 300w, https:\/\/www.libertaepersona.org\/wordpress\/wp-content\/uploads\/2019\/08\/67850247_371974483702201_5092409948248211456_n-3.jpg 716w\" data-sizes=\"(max-width: 182px) 85vw, 182px\" src=\"data:image\/svg+xml;base64,PHN2ZyB3aWR0aD0iMSIgaGVpZ2h0PSIxIiB4bWxucz0iaHR0cDovL3d3dy53My5vcmcvMjAwMC9zdmciPjwvc3ZnPg==\" style=\"--smush-placeholder-width: 182px; --smush-placeholder-aspect-ratio: 182\/182;\" \/><\/a><\/p>\n<p>di Riccardo Cascioli.<\/p>\n<p><em>Il papa emerito Benedetto XVI chiama per un incontro nella sua residenza monsignor Livio Melina, ex preside dell&#8217;Istituto Giovanni Paolo II su matrimonio e famiglia, licenziato dal Gran Cancelliere monsignor Vincenzo Paglia e gli esprime solidariet\u00e0. Un gesto eloquente, che conferma l&#8217;amicizia e la stima per i docenti dell&#8217;istituto e per il loro lavoro, e manda un messaggio a chi pretende di rivoluzionare gli insegnamenti. E, ovviamente, partono gli attacchi a Benedetto XVI e ai fantomatici &#8220;nemici di Francesco&#8221;.<\/em><!--more--><\/p>\n<p>Come volevasi dimostrare.\u00a0<a href=\"http:\/\/lanuovabq.it\/it\/il-problema-sono-i-nemici-della-verita-non-del-papa\">Avevamo denunciato appena due giorni\u00a0<\/a>fa l\u2019atteggiamento giacobino di certi teologi e commentatori che, di fronte a qualsiasi obiezione, urlano al complotto contro il Papa. E puntualmente ieri \u00e8 bastata una foto del papa emerito Benedetto XVI con monsignor Livio Melina, ex preside dell\u2019Istituto Giovanni Paolo II cacciato dal Gran Cancelliere monsignor Vincenzo Paglia, per scatenare i soliti \u201cguardiani della rivoluzione\u201d. Variavano soltanto i toni \u2013 dall\u2019apparente moderato ma velenoso<em>\u00a0<\/em><a href=\"https:\/\/www.lastampa.it\/vatican-insider\/it\/2019\/08\/05\/news\/istituto-gpii-in-mezzo-alle-polemiche-la-photo-opportunity-di-melina-con-benedetto-xvi-1.37302661\"><em>Vatican Insider<\/em><\/a>\u00a0allo sguaiato e diffamatorio\u00a0<a href=\"https:\/\/www.farodiroma.it\/continuano-i-tentativi-di-strumentalizzare-il-papa-emerito-benedetto-xvi-la-visita-di-monsignor-melina-usata-contro-il-papa\/\"><em>Faro di Roma<\/em><\/a>\u00a0\u2013 ma il concetto \u00e8 lo stesso: \u00e8 un attacco a Francesco, \u00e8 una strumentalizzazione di Benedetto XVI.<\/p>\n<p><strong>Cosa \u00e8 successo in realt\u00e0? Che la notizia del licenziamento di monsignor Melina<\/strong>\u00a0e di altri docenti, e pi\u00f9 in generale la battaglia che si \u00e8 scatenata attorno all\u2019Istituto voluto da san Giovanni Paolo II per promuovere la bellezza della famiglia cristiana, non \u00e8 passata inosservata tra le mura del monastero Mater Ecclesiae, dove vive ritirato Benedetto XVI. E il papa emerito ha pensato bene di invitare monsignor Melina nella sua residenza. L\u2019incontro \u00e8 effettivamente avvenuto nel pomeriggio del 1\u00b0 agosto, ma \u00e8 stato reso noto soltanto ieri dall\u2019agenzia\u00a0<em>Aciprensa.<\/em>Al termine \u2013 riferisce l\u2019agenzia \u2013 Benedetto ha dato a Melina \u00abla sua benedizione, gli ha espresso la sua solidariet\u00e0 personale e gli ha assicurato le sue preghiere\u00bb.<\/p>\n<p><strong>Peraltro, considerate le illazioni che sono state fatte ieri,\u00a0<\/strong>va detto che la foto e la notizia dell\u2019incontro sono state diffuse con il beneplacito del papa emerito. Quindi nessuna strumentalizzazione di Benedetto. Ma si capisce la rabbia dei \u201cguardiani della rivoluzione\u201d. Sebbene il gesto di Benedetto sia anzitutto una delicatezza e l\u2019espressione di una vicinanza umana e di fede nei confronti di persone e di un istituto che ha sempre seguito con grande attenzione e paternit\u00e0, non pu\u00f2 certo sfuggire il suo significato dirompente in questo momento di travaglio.<\/p>\n<p><strong>Come abbiamo spiegato nei giorni scorsi, quello di monsignor Paglia<\/strong>\u00a0\u00e8 un vero e proprio colpo di mano al fine di cambiare radicalmente l\u2019approccio al tema del matrimonio e della famiglia. In questa chiave sono stati aboliti, tra gli altri, gli insegnamenti di Teologia morale fondamentale e speciale, attorno a cui invece era stato costruito l\u2019istituto. Di fronte al precipitare degli eventi, seppur con discrezione, Benedetto XVI ha voluto mettere in campo il peso della sua presenza a difesa di un lavoro che in questi 38 anni ha dato molto alla Chiesa. Non \u00e8 \u00abun attacco a Francesco\u00bb, come da pi\u00f9 parti si \u00e8 subito, malevolmente, detto. Piuttosto pu\u00f2 essere considerato un invito a riconsiderare le decisioni, a mantenere la continuit\u00e0 con quanto fin qui, efficacemente, svolto.<\/p>\n<p><strong>Del resto, il pensiero di Benedetto XVI sull\u2019Istituto Giovanni Paolo II \u00e8 arcinoto<\/strong>, perch\u00e9 non sono state poche in tutti questi anni le occasioni in cui prima da cardinale e poi da Papa ha scritto lettere a monsignor Melina o rivolto discorsi ai membri dell\u2019Istituto sia apprezzandone l\u2019impostazione sia esaltando i risultati conseguiti. Un altro insegnante del Giovanni Paolo II, Juan Jesus Perez-Soba, ne ha fatto un breve riassunto in un articolo per Aciprensa, da cui risulta chiaro che non bisogna aspettare un incontro privato con mons. Melina per sapere da che parte sta il Papa emerito.<\/p>\n<p><strong>Molto significativa, ad esempio, anche per le vicende attuali\u00a0<\/strong>\u00e8 la lettera del 30 giugno 1998 a mons. Melina, in occasione della costituzione dell\u2019Area di ricerca dedicata alla Teologia morale fondamentale. L\u2019allora cardinale Ratzinger sottolineava \u00abl\u2019impostazione fondamentale della Teologia morale\u00bb e la promozione di \u00abuna riflessione seria circa le linee di rinnovamento di questa disciplina nella luce dell\u2019Enciclica Veritatis Splendor\u00bb.\u00a0\u00a0E si augurava che \u00abl\u2019iniziativa, tanto importante ed opportuna, trovi un\u2019ampia eco tra i moralisti e possa contribuire a far conoscere ed approfondire scientificamente l\u2019insegnamento della suddetta enciclica\u00bb.<\/p>\n<p><strong>Nel gennaio 2003, oltre a una lettera indirizzata all\u2019allora preside monsignor Rino Fisichella, Ratzinger tenne una conferenza in cui valorizz\u00f2 l\u2019enciclica\u00a0<em>Veritatis Splendor,<\/em>\u00a0che<\/strong>\u00a0contiene una morale \u00abnon concepita come una serie di precetti\u00bb, ma come \u00abil risultato di un incontro che sa anche come creare le azioni corrispondenti\u00bb. Il Cardinale concludeva riferendosi all&#8217;esperienza del martirio,\u00a0seguendo la morte per amore del Crocefisso, dove si vede che \u00abl&#8217;affermazione di comandamenti assoluti, che prescrivono ci\u00f2 che \u00e8 intrinsece malum (intrinsecamente cattivo), non significa sottomettersi alla schiavit\u00f9 di nessuna proibizione, ma aprirsi al grande valore della vita che \u00e8 illuminata al vero bene, questo \u00e8 per l&#8217;amore di Dio stesso\u00bb.<\/p>\n<p><strong>E si potrebbe ancora continuare per molto,\u00a0<\/strong>ma gi\u00e0 da queste poche frasi \u00e8 chiaro il pensiero di Benedetto XVI sulla vicenda dell\u2019Istituto Giovanni Paolo II. L\u2019incontro con mons. Melina \u00e8 stata l\u2019occasione per richiamarlo, un messaggio che sarebbe imbarazzante ignorare.<\/p>\n<p>Fonte: <a href=\"http:\/\/www.lanuovabq.it\/it\/benedetto-xvi-a-fianco-dei-docenti-licenziati\" target=\"_blank\" rel=\"noopener noreferrer\">La nuova Bussola Quotidiana<\/a><\/p>\n","protected":false},"excerpt":{"rendered":"<p>di Riccardo Cascioli. Il papa emerito Benedetto XVI chiama per un incontro nella sua residenza monsignor Livio Melina, ex preside dell&#8217;Istituto Giovanni Paolo II su matrimonio e famiglia, licenziato dal Gran Cancelliere monsignor Vincenzo Paglia e gli esprime solidariet\u00e0. Un gesto eloquente, che conferma l&#8217;amicizia e la stima per i docenti dell&#8217;istituto e per il &hellip; <a href=\"https:\/\/www.libertaepersona.org\/wordpress\/2019\/08\/benedetto-xvi-a-fianco-dei-docenti-licenziati\/\" class=\"more-link\">Continue reading<span class=\"screen-reader-text\"> &#8220;Benedetto XVI a fianco dei docenti licenziati&#8221;<\/span><\/a><\/p>\n","protected":false},"author":32,"featured_media":180050,"comment_status":"open","ping_status":"open","sticky":false,"template":"","format":"standard","meta":{"rop_custom_images_group":[],"rop_custom_messages_group":[],"rop_publish_now":"initial","rop_publish_now_accounts":[],"rop_publish_now_history":[],"rop_publish_now_status":"pending","footnotes":""},"categories":[153],"tags":[],"class_list":["post-150657","post","type-post","status-publish","format-standard","has-post-thumbnail","hentry","category-news-dalla-rete"],"_links":{"self":[{"href":"https:\/\/www.libertaepersona.org\/wordpress\/wp-json\/wp\/v2\/posts\/150657","targetHints":{"allow":["GET"]}}],"collection":[{"href":"https:\/\/www.libertaepersona.org\/wordpress\/wp-json\/wp\/v2\/posts"}],"about":[{"href":"https:\/\/www.libertaepersona.org\/wordpress\/wp-json\/wp\/v2\/types\/post"}],"author":[{"embeddable":true,"href":"https:\/\/www.libertaepersona.org\/wordpress\/wp-json\/wp\/v2\/users\/32"}],"replies":[{"embeddable":true,"href":"https:\/\/www.libertaepersona.org\/wordpress\/wp-json\/wp\/v2\/comments?post=150657"}],"version-history":[{"count":0,"href":"https:\/\/www.libertaepersona.org\/wordpress\/wp-json\/wp\/v2\/posts\/150657\/revisions"}],"wp:featuredmedia":[{"embeddable":true,"href":"https:\/\/www.libertaepersona.org\/wordpress\/wp-json\/wp\/v2\/media\/180050"}],"wp:attachment":[{"href":"https:\/\/www.libertaepersona.org\/wordpress\/wp-json\/wp\/v2\/media?parent=150657"}],"wp:term":[{"taxonomy":"category","embeddable":true,"href":"https:\/\/www.libertaepersona.org\/wordpress\/wp-json\/wp\/v2\/categories?post=150657"},{"taxonomy":"post_tag","embeddable":true,"href":"https:\/\/www.libertaepersona.org\/wordpress\/wp-json\/wp\/v2\/tags?post=150657"}],"curies":[{"name":"wp","href":"https:\/\/api.w.org\/{rel}","templated":true}]}}