{"id":147840,"date":"2018-08-26T23:09:22","date_gmt":"2018-08-26T22:09:22","guid":{"rendered":"http:\/\/www.libertaepersona.org\/wordpress\/?p=147840"},"modified":"2018-08-27T06:45:49","modified_gmt":"2018-08-27T05:45:49","slug":"vigano-raccontato-a-suo-tempo-da-andrea-tornielli","status":"publish","type":"post","link":"https:\/\/www.libertaepersona.org\/wordpress\/2018\/08\/vigano-raccontato-a-suo-tempo-da-andrea-tornielli\/","title":{"rendered":"Il passato di Vigan\u00f2 raccontato da Andrea Tornielli e altri"},"content":{"rendered":"<p><a href=\"https:\/\/www.libertaepersona.org\/wordpress\/wp-content\/uploads\/2018\/08\/tor.jpg\" rel=\"attachment wp-att-147841\"><img decoding=\"async\" class=\"wp-image-147841 aligncenter lazyload\" data-src=\"https:\/\/www.libertaepersona.org\/wordpress\/wp-content\/uploads\/2018\/08\/tor.jpg\" alt=\"tor\" width=\"430\" height=\"284\" data-srcset=\"https:\/\/www.libertaepersona.org\/wordpress\/wp-content\/uploads\/2018\/08\/tor.jpg 1075w, https:\/\/www.libertaepersona.org\/wordpress\/wp-content\/uploads\/2018\/08\/tor-300x198.jpg 300w, https:\/\/www.libertaepersona.org\/wordpress\/wp-content\/uploads\/2018\/08\/tor-768x507.jpg 768w, https:\/\/www.libertaepersona.org\/wordpress\/wp-content\/uploads\/2018\/08\/tor-1024x675.jpg 1024w\" data-sizes=\"(max-width: 430px) 85vw, 430px\" src=\"data:image\/svg+xml;base64,PHN2ZyB3aWR0aD0iMSIgaGVpZ2h0PSIxIiB4bWxucz0iaHR0cDovL3d3dy53My5vcmcvMjAwMC9zdmciPjwvc3ZnPg==\" style=\"--smush-placeholder-width: 430px; --smush-placeholder-aspect-ratio: 430\/284;\" \/><\/a><\/p>\n<p>Mentre Bergoglio, invitato a dire qualcosa sul dossier Vigan\u00f2, non risponde e non nega, sar\u00e0 bene andare indietro nel tempo,\u00a0 nel 2012, all&#8217;epoca in cui esplode<strong> il primo caso Vigan\u00f2.<\/strong><\/p>\n<p><strong>Andrea Tornielli presenta Vigan\u00f2 come un ecclesiastico impegnato a sconfiggere sprechi ed abusi, con il beneplacito di Benedetto XVI,<\/strong> e molti nemici che remano contro, in primis il problematico Bertone:<\/p>\n<p>&#8221; C\u2019\u00e8 un episodio non detto nella polemica che da giorni riguarda le accuse rivolte dall\u2019allora segretario del Governatorato, il vescovo Carlo Maria Vigan\u00f2, nominato nunzio negli Stati Uniti dopo aver scritto drammatiche lettere al Papa e al Segretario di Stato Tarcisio Bertone, nelle quali si parla di episodi di \u00abcorruzione\u00bb in Vaticano. Le lettere riservate del prelato \u2013 la cui vicenda venne rivelata da Vatican Insider lo scorso 26 giugno<span class=\"nero\"> \u2013 indirizzate a Benedetto XVI e al suo principale collaboratore, sono state esibite dal giornalista Gianluigi Nuzzi durante la puntata della trasmissione d\u2019inchiesta di La7 \u00abGli intoccabili\u00bb.<\/span><!--more--><\/p>\n<p>In quelle lettere, Vigan\u00f2 al quale era stato ormai comunicata la decisione del Papa di nominarlo nunzio negli Stati Uniti che lo allontanava (promuovendolo) dal Governatorato dopo neanche due anni e dopo innegabili risultati di moralizzazione e di tagli alle spese, si diceva vittima di un complotto, che era <span class=\"nero\">passato anche attraverso alcuni articoli anonimi pubblicati su \u00abIl Giornale\u00bb, e indicava nomi e cognomi degli ispiratori, citando come ispiratore ultimo monsignor Paolo Nicolini, delegato per i settori amministrativo-gestionali dei Musei Vaticani. <\/span><\/p>\n<p>In una lettera inviata l\u20198 maggio 2011 al cardinale Bertone, Vigan\u00f2 attribuisce alla responsabilit\u00e0 di Nicolini \u00abcontraffazioni di fatture\u00bb e ammanchi, una \u00abpartecipazione di interessi\u00bb in societ\u00e0 inadempienti verso il Governatorato \u00abper almeno due milioni duecentomila euro e che, antecedentemente aveva gi\u00e0 defraudato \u201cL\u2019Osservatore Romano\u201d, per oltre novantasettemila Euro e l\u2019Apsa, per altri <span class=\"nero\">ottantacinquemila\u00bb. Inoltre Vigan\u00f2 accusava Nicolini di \u00abarroganza e prepotenza nei confronti dei collaboratori che non mostrano servilismo assoluto nei suoi confronti, preferenze, promozioni e assunzioni arbitrarie fatte a fini personali\u00bb.<\/span><\/p>\n<p>Nella replica alla trasmissione di La7 che il giorno successivo padre <span class=\"nero\">Federico Lombardi<\/span> ha reso nota su mandato della Segreteria di Stato, sono state fornite indicazioni dalle quali risulta che l\u2019innegabile opera moralizzatrice e risanatrice della gestione Vigan\u00f2 sui bilanci \u2013 il presepe in piazza San Pietro, ad esempio, \u00e8 passato da un costo di 550.000 euro a 300.000 \u2013 \u00e8 stata un merito non attribuibile soltanto al suo impegno, ma anche a quello del suo superiore diretto, il cardinale Giovanni Lajolo, come pure alla gestione pi\u00f9 oculata dei Musei Vaticani: tutto ci\u00f2 ha permesso ai conti di tornare in attivo di qualche milione di euro, mentre in precedenza di registrava un pesante deficit.<\/p>\n<p>Quello che non \u00e8 stato rivelato dal comunicato della Santa Sede, \u00e8 che sulle accuse di Vigan\u00f2 a Nicolini \u00e8 stata svolta <span class=\"nero\">un\u2019inchiesta interna<\/span>, affidata a una commissione disciplinare, presieduta da un ex uditore della Rota Romana, <span class=\"nero\">monsignor Egidio Turnaturi<\/span>. La commissione ha ascoltato i testimoni citati nelle drammatiche lettere del prelato. Per quanto riguarda gli articoli anonimi su \u00abIl Giornale\u00bb, si \u00e8 concluso con l\u2019\u00abindimostrabilit\u00e0\u00bb delle attribuzioni messe nero su bianco da Vigan\u00f2, mentre dopo le indagini si sono rivelate non fondate altre accuse relative a monsignor Nicolini, anche se la commissione ha ritenuto riscontrati i rilievi riguardanti il suo carattere e ha suggerito di prendere provvedimenti.<\/p>\n<p>Questo tassello \u00e8 importante per ricostruire la vicenda, perch\u00e9 altrimenti si potrebbe essere indotti a pensare che le segnalazioni di irregolarit\u00e0 o di reati rimangano senza seguito Oltretevere. \u00ab<strong>Ovviamente \u2013 spiega a Vatican Insider un\u2019autorevole fonte vaticana \u2013 monsignor Vigan\u00f2 ha fatto il suo <span class=\"nero\">dovere denunciando riservatamente ai superiori ci\u00f2 che riteneva necessario denunciare. Ma non si deve immaginare che le sue denunce siano state considerate carta straccia o prontamente archiviate\u00bb.<\/span><\/strong><\/p>\n<p>La decisione del Papa, messo a conoscenza degli esiti dell\u2019inchiesta e consultati Bertone e Lajolo, \u00e8 stata di nominare l\u2019arcivescovo nunzio apostolico negli Stati Uniti: innegabilmente un \u00abpromoveatur ut amoveatur\u00bb, se \u00e8 vero che al prelato era stata in qualche modo \u00abpromessa\u00bb la successione ai vertici del Governatorato con annessa porpora cardinalizia. La decisione \u00e8 stata presa a motivo del clima di tensione che si \u00e8 venuto a creare nello Stato della Citt\u00e0 del Vaticano. E le parole di Lombardi sulla <strong>piena fiducia nutrita dal Pontefice verso Vigan\u00f2<\/strong>, sta a indicare il riconoscimento dei suoi meriti nel processo di risanamento. Certo, ci si potrebbe anche domandare per quale motivo, se si sono considerate tutte infondate le accuse rivolte dal prelato nelle lettere, <strong>lo si \u00e8 considerato poi degno di ricoprire un incarico delicato e di prestigio qual \u00e8 quello di capo dell\u2019ufficio diplomatico di Washington, responsabile dei rapporti con la Casa Bianca e stretto collaboratore del Papa nella scelta della classe dirigente della Chiesa statunitense. Un incarico che richiede equilibrio, riservatezza e ottime capacit\u00e0 diplomatiche.<\/strong><\/p>\n<p>Un\u2019altra domanda riguarda la continuazione o l\u2019eventuale rallentamento, del processo di risanamento operato da Vigan\u00f2. E su questo dovrebbe rimanere alta l\u2019attenzione, fuori e dentro le mura, per evitare che si ripetano o continuino episodi oggettivamente scandalosi, tanto pi\u00f9 un periodo di grave crisi economica come quello che stiamo vivendo. \u00c8 stato scioccante apprendere che un presepe composto di una stalla o di una grotta ricostruita in Piazza San Pietro costava tanto quanto <span class=\"nero\">una bifamiliare nella campagna romana. Quest\u2019anno, il primo dopo la \u00abcura Vigan\u00f2\u00bb, il presepe \u00e8 costato come l\u2019anno precedente, 300.000 euro, e secondo alcune indiscrezioni si starebbe lavorando per dimezzarne il costo nel 2012.<\/span><\/p>\n<p>Di certo, anche se nel comunicato padre Lombardi tendeva a stemperare le tensioni affermando come non corrisponda alla realt\u00e0 presentare il Vaticano attraversato \u00abda liti, divisioni e lotte di interessi\u00bb, l\u2019immagine che esce dalle lettere e dal fatto che le lettere siano state divulgate, \u00e8 invece proprio quella. \u00c8 innegabile che la vicenda Vigan\u00f2 si inserisca in un panorama pi\u00f9 ampio: quello dei persistenti <span class=\"nero\">problemi di governo interni alla Segreteria di Stato guidata dal cardinale Bertone. La diffusione delle lettere scritte appena qualche mese fa, sta a indicare che queste lotte ci sono state, ci sono, e prevedibilmente continueranno<\/span>.<\/p>\n<p><a href=\"http:\/\/www.lastampa.it\/2012\/01\/30\/vaticaninsider\/le-accuse-di-vigan-e-le-verifiche-del-vaticano-NmsgfToUZ3tMQQOuLK696O\/pagina.html\">http:\/\/www.lastampa.it\/2012\/01\/30\/vaticaninsider\/le-accuse-di-vigan-e-le-verifiche-del-vaticano-NmsgfToUZ3tMQQOuLK696O\/pagina.html<\/a><\/p>\n<p><strong>Precedentemente Tornielli aveva presentato cos\u00ec la nomina di Viagn\u00f2 al governatorato:<\/strong><\/p>\n<p>&#8220;<em>Il Governatorato non naviga in buone acque: la crisi ha bruciato quasi la met\u00e0 dei suoi investimenti e il buco \u00e8 diventato considerevole, tanto che si parla della possibilit\u00e0 di una sorta di commissariamento per quanto riguarda la gestione dei conti&#8221;<br \/>\n<\/em><\/p>\n<p><a href=\"https:\/\/www.libertaepersona.org\/wordpress\/wp-content\/uploads\/2018\/08\/Cattura-2.jpg\" rel=\"attachment wp-att-147850\"><img decoding=\"async\" class=\"wp-image-147850 aligncenter lazyload\" data-src=\"https:\/\/www.libertaepersona.org\/wordpress\/wp-content\/uploads\/2018\/08\/Cattura-2.jpg\" alt=\"cattura\" width=\"578\" height=\"390\" data-srcset=\"https:\/\/www.libertaepersona.org\/wordpress\/wp-content\/uploads\/2018\/08\/Cattura-2.jpg 698w, https:\/\/www.libertaepersona.org\/wordpress\/wp-content\/uploads\/2018\/08\/Cattura-2-300x202.jpg 300w\" data-sizes=\"(max-width: 578px) 85vw, 578px\" src=\"data:image\/svg+xml;base64,PHN2ZyB3aWR0aD0iMSIgaGVpZ2h0PSIxIiB4bWxucz0iaHR0cDovL3d3dy53My5vcmcvMjAwMC9zdmciPjwvc3ZnPg==\" style=\"--smush-placeholder-width: 578px; --smush-placeholder-aspect-ratio: 578\/390;\" \/><\/a><\/p>\n<p>&nbsp;<\/p>\n<p><strong>Altri giudizi su Carlo Maria Vigan\u00f2:<\/strong><\/p>\n<p>&#8220;<em>l&#8217;arcivescovo ingenuo ma onesto<\/em>&#8220;, Marco Lillo, Il fatto quotidiano (27 gennaio 2012)<\/p>\n<p>\u201c<em>\u00e8 persona di intelligenza vivissima, si muove come fosse un manager o un imprenditore. Non lascia nulla all\u2019improvvisazione. E\u2019 uomo di fede profonda, dotato di carattere deciso, che lo porta ad assumere anche posizioni scomode e rischiose. E\u2019 intransigente, ha coraggio, ottime capacit\u00e0 e forza di volont\u00e0. Cos\u00ec rompe presto gli indugi e denuncia al pontefice, nero su bianco, ammanchi, casi di corruzione, appalti gonfiati<\/em>\u2026\u201d (Gialuigi Nuzzi, in <em>Peccato originale<\/em>)<\/p>\n<p>&nbsp;<\/p>\n<p><a href=\"https:\/\/www.libertaepersona.org\/wordpress\/wp-content\/uploads\/2018\/08\/franco.jpg\" rel=\"attachment wp-att-147853\"><img decoding=\"async\" class=\"size-full wp-image-147853 aligncenter lazyload\" data-src=\"https:\/\/www.libertaepersona.org\/wordpress\/wp-content\/uploads\/2018\/08\/franco.jpg\" alt=\"franco\" width=\"630\" height=\"672\" data-srcset=\"https:\/\/www.libertaepersona.org\/wordpress\/wp-content\/uploads\/2018\/08\/franco.jpg 630w, https:\/\/www.libertaepersona.org\/wordpress\/wp-content\/uploads\/2018\/08\/franco-281x300.jpg 281w\" data-sizes=\"(max-width: 709px) 85vw, (max-width: 909px) 67vw, (max-width: 984px) 61vw, (max-width: 1362px) 45vw, 600px\" src=\"data:image\/svg+xml;base64,PHN2ZyB3aWR0aD0iMSIgaGVpZ2h0PSIxIiB4bWxucz0iaHR0cDovL3d3dy53My5vcmcvMjAwMC9zdmciPjwvc3ZnPg==\" style=\"--smush-placeholder-width: 630px; --smush-placeholder-aspect-ratio: 630\/672;\" \/><\/a>di Masismo Franco, in <em>La crisi dell&#8217;impero vaticano<\/em><\/p>\n<div><span style=\"font-size: medium;\">&#8220;<em>Nel luglio del 2009 Benedetto XVI aveva scelto Vigan\u00f2 come segretario generale del governatorato, l&#8217;ente che gestisce tutti gli acquisti, gli appalti e le costose ristrutturazioni edili d&#8217;oltretevere. Monsignor Vigan\u00f2 \u00e8 un uomo amante del rigore e della trasparenza, ha un carattere brusco e diretto ed \u00e8 subito mal sopportatoto nelle alte sfere degli ambienti vaticani. I suoi nemici sono molti perch\u00e8 lui taglia interessi e privilegi consolidati.<\/em><\/span><\/div>\n<div><span style=\"font-size: medium;\"><em>Anche Tarcisio Bertone \u00e8 un suo nemico, ed \u00e8 un nemico potente che \u00e8 riuscito a costruire una ragnatela di potere nominando cardinali e monsignori di sua fiducia alla guida di numerosi enti chiave in Vaticano. Vigan\u00f2 in poco pi\u00f9 di un anno e mezzo (dal luglio del 2009 al 22 marzo 2011) aveva lavorato molto bene risanando i conti a lui affidati, portandoli da un profondo passivo all&#8217;attivo; ma il 22 marzo del 2011 fu convocato da Tarcisio Bertone. che gli comunic\u00f2 che doveva lasciare il suo incarico con tre anni di anticipo perch\u00e9 il suo lavoro stava provocando dei dissapori in Vaticano. Vigan\u00f2 ne usc\u00ec furibondo perch\u00e8 non solo non gli veniva riconosciuto il buon lavoro fatto ma, addirittura, lo si licenziava con tre nni di anticipo. Anche lui, come fece Dino Boffo, cominci\u00f2 ad indagare per scoprire quali e quanti fossero i suoi nemici dentro e fuori le mura Vaticane e, da tali indagini, ne deriv\u00f2 una fitta corrispondenza fra gli alti vertici di tanta \u201csantit\u00e0\u201d in cui si scoprono cattiverie e nefandezze degne della pi\u00f9 bassa plebe. Tale carteggio avrebbe dovuto rimanere segreto, per l&#8217;ipocrisia e il \u201cbuon nome&#8221; di certe &#8220;santit\u00e0&#8221;, ma, grazie alla rivolta silenziosa dei \u201ccorvi\u201d \u00e8 emersa ed \u00e8 stato resa pubblico. In ogni caso la sorte di Vigan\u00f2 fu quella tracciata dai suoi nemici: all&#8217;et\u00e0 di 71 anni egli dovette lasciare l&#8217;Italia per prendere servizio a Washington: un esilio dorato per chi troppo sa e troppo ha vist<\/em>o&#8221; (Nuzzi, in <em>Sua Santit\u00e0<\/em>)<br \/>\n<\/span><\/div>\n<div><\/div>\n<div><\/div>\n","protected":false},"excerpt":{"rendered":"<p>Mentre Bergoglio, invitato a dire qualcosa sul dossier Vigan\u00f2, non risponde e non nega, sar\u00e0 bene andare indietro nel tempo,\u00a0 nel 2012, all&#8217;epoca in cui esplode il primo caso Vigan\u00f2. Andrea Tornielli presenta Vigan\u00f2 come un ecclesiastico impegnato a sconfiggere sprechi ed abusi, con il beneplacito di Benedetto XVI, e molti nemici che remano contro, &hellip; <a href=\"https:\/\/www.libertaepersona.org\/wordpress\/2018\/08\/vigano-raccontato-a-suo-tempo-da-andrea-tornielli\/\" class=\"more-link\">Continue reading<span class=\"screen-reader-text\"> &#8220;Il passato di Vigan\u00f2 raccontato da Andrea Tornielli e altri&#8221;<\/span><\/a><\/p>\n","protected":false},"author":15,"featured_media":180050,"comment_status":"open","ping_status":"open","sticky":false,"template":"","format":"standard","meta":{"rop_custom_images_group":[],"rop_custom_messages_group":[],"rop_publish_now":"initial","rop_publish_now_accounts":[],"rop_publish_now_history":[],"rop_publish_now_status":"pending","footnotes":""},"categories":[101],"tags":[],"class_list":["post-147840","post","type-post","status-publish","format-standard","has-post-thumbnail","hentry","category-chiesa"],"_links":{"self":[{"href":"https:\/\/www.libertaepersona.org\/wordpress\/wp-json\/wp\/v2\/posts\/147840","targetHints":{"allow":["GET"]}}],"collection":[{"href":"https:\/\/www.libertaepersona.org\/wordpress\/wp-json\/wp\/v2\/posts"}],"about":[{"href":"https:\/\/www.libertaepersona.org\/wordpress\/wp-json\/wp\/v2\/types\/post"}],"author":[{"embeddable":true,"href":"https:\/\/www.libertaepersona.org\/wordpress\/wp-json\/wp\/v2\/users\/15"}],"replies":[{"embeddable":true,"href":"https:\/\/www.libertaepersona.org\/wordpress\/wp-json\/wp\/v2\/comments?post=147840"}],"version-history":[{"count":0,"href":"https:\/\/www.libertaepersona.org\/wordpress\/wp-json\/wp\/v2\/posts\/147840\/revisions"}],"wp:featuredmedia":[{"embeddable":true,"href":"https:\/\/www.libertaepersona.org\/wordpress\/wp-json\/wp\/v2\/media\/180050"}],"wp:attachment":[{"href":"https:\/\/www.libertaepersona.org\/wordpress\/wp-json\/wp\/v2\/media?parent=147840"}],"wp:term":[{"taxonomy":"category","embeddable":true,"href":"https:\/\/www.libertaepersona.org\/wordpress\/wp-json\/wp\/v2\/categories?post=147840"},{"taxonomy":"post_tag","embeddable":true,"href":"https:\/\/www.libertaepersona.org\/wordpress\/wp-json\/wp\/v2\/tags?post=147840"}],"curies":[{"name":"wp","href":"https:\/\/api.w.org\/{rel}","templated":true}]}}