{"id":145660,"date":"2018-01-25T08:41:09","date_gmt":"2018-01-25T07:41:09","guid":{"rendered":"http:\/\/www.libertaepersona.org\/wordpress\/?p=145660"},"modified":"2018-01-25T08:41:09","modified_gmt":"2018-01-25T07:41:09","slug":"la-lega-candida-giulia-bongiorno-un-errore","status":"publish","type":"post","link":"https:\/\/www.libertaepersona.org\/wordpress\/2018\/01\/la-lega-candida-giulia-bongiorno-un-errore\/","title":{"rendered":"La Lega candida Giulia Bongiorno: un errore"},"content":{"rendered":"<p><a href=\"https:\/\/www.libertaepersona.org\/wordpress\/wp-content\/uploads\/2018\/01\/Bongiorno_Salvini.jpg\" rel=\"attachment wp-att-145661\"><img decoding=\"async\" class=\"aligncenter  wp-image-145661 lazyload\" data-src=\"https:\/\/www.libertaepersona.org\/wordpress\/wp-content\/uploads\/2018\/01\/Bongiorno_Salvini-278x300.jpg\" alt=\"bongiorno_salvini\" width=\"157\" height=\"169\" data-srcset=\"https:\/\/www.libertaepersona.org\/wordpress\/wp-content\/uploads\/2018\/01\/Bongiorno_Salvini-278x300.jpg 278w, https:\/\/www.libertaepersona.org\/wordpress\/wp-content\/uploads\/2018\/01\/Bongiorno_Salvini.jpg 522w\" data-sizes=\"(max-width: 157px) 85vw, 157px\" src=\"data:image\/svg+xml;base64,PHN2ZyB3aWR0aD0iMSIgaGVpZ2h0PSIxIiB4bWxucz0iaHR0cDovL3d3dy53My5vcmcvMjAwMC9zdmciPjwvc3ZnPg==\" style=\"--smush-placeholder-width: 157px; --smush-placeholder-aspect-ratio: 157\/169;\" \/><\/a><\/p>\n<p>di Stefano Fontana.<\/p>\n<p><em>Giulia Bongiorno getta sulla lega il fantasma di Giulio Andreotti, \u00e8 un\u2019intellettuale femminista molto lontana dal popolo del partito, allontaner\u00e0 il voto cattolico di destra<\/em><!--more--><\/p>\n<p>Salvini ha candidato alle prossime elezioni l\u2019avvocato Bongiorno, quella, per capirci che aveva difeso Giulio Andreotti. Si capisce che la Lega ha in questa fase il vento in poppa e possa permettersi questa candidatura. Si capisce anche che Salvini ha tolto la parola \u201cNord\u201d nel simbolo della Lega e mira quindi a darsi una immagine nazionale e di governo (infatti si parla della Bongiorno come prossimo ministro di grazia e giustizia in caso di vittoria). Per\u00f2 nella vita, e in politica in particolare, tutto si paga e anche questa candidatura avr\u00e0 un costo.<\/p>\n<p>Il costo lo si \u00e8 visto subito, quando la Bongiorno ha dichiarato che Andreotti avrebbe approvato la Lega di oggi. Subito Maroni si \u00e8 affrettato a dichiarare che lui e Bossi, invece, Andreotti lo avevano sempre combattuto. L\u2019ombra lunga di Andreotti sulla Lega non porter\u00e0 molti benefici.<\/p>\n<p>Ma c\u2019\u00e8 anche molto di pi\u00f9. L\u2019elettorato della Lega non \u00e8 un elettorale borghese e sofisticato, \u00e8 un elettorato prevalentemente popolare che con gli strampalati \u201cnuovi diritti\u201d ci convive male. Argomenti come il diritto di abortire, i diritti omosex, la negazione della famiglia e cose di questo genere non vanno molto a genio all\u2019elettore di provincia che rimane fedele alle cose naturali e normali e contro le strane invenzioni delle \u00e9lites salottiere.<\/p>\n<p>La Bongiorno, invece, \u00e8 campionessa di queste tendenze, si era dichiarata per l\u2019allargamento della legge 40 sulla fecondazione artificiale, \u00e8 stata a favore del matrimonio gay e del biotestamento con apertura all\u2019eutanasia: tutti i classici atteggiamenti del progressismo nostrano le appartengono. Cosa abbia a che fare l\u2019elettorato del Basso Vicentino con questo neo-femminismo patinato nessuno lo sa. Nella Lega la Bongiorno rimane un corpo estraneo.<\/p>\n<p>Tra l\u2019altro la sua presenza allontaner\u00e0 dalla Lega il voto dei cattolici di destra, che si sposteranno su Fratelli d\u2019Italia. Per costoro gi\u00e0 era un grosso ostacolo il programma leghista di regolamentare la prostituzione, ossia la compravendita del corpo umano. Un obbrobrio: come si potr\u00e0 dire no all\u2019utero in affitto se si legalizza e si regolamenta il business del corpo delle donne? E come ci si fermer\u00e0 al solo corpo delle donne? Gi\u00e0 questo allontanava il voto cattolico di destra, ora la Bongiorno far\u00e0 il resto.<\/p>\n<p>Fonte: <a href=\"http:\/\/www.vitanuovatrieste.it\/la-lega-candida-giulia-bongiorno-un-errore\/\" target=\"_blank\">Vita Nuova Trieste<\/a><\/p>\n","protected":false},"excerpt":{"rendered":"<p>di Stefano Fontana. Giulia Bongiorno getta sulla lega il fantasma di Giulio Andreotti, \u00e8 un\u2019intellettuale femminista molto lontana dal popolo del partito, allontaner\u00e0 il voto cattolico di destra<\/p>\n","protected":false},"author":32,"featured_media":180050,"comment_status":"open","ping_status":"open","sticky":false,"template":"","format":"standard","meta":{"rop_custom_images_group":[],"rop_custom_messages_group":[],"rop_publish_now":"initial","rop_publish_now_accounts":[],"rop_publish_now_history":[],"rop_publish_now_status":"pending","footnotes":""},"categories":[153],"tags":[],"class_list":["post-145660","post","type-post","status-publish","format-standard","has-post-thumbnail","hentry","category-news-dalla-rete"],"_links":{"self":[{"href":"https:\/\/www.libertaepersona.org\/wordpress\/wp-json\/wp\/v2\/posts\/145660","targetHints":{"allow":["GET"]}}],"collection":[{"href":"https:\/\/www.libertaepersona.org\/wordpress\/wp-json\/wp\/v2\/posts"}],"about":[{"href":"https:\/\/www.libertaepersona.org\/wordpress\/wp-json\/wp\/v2\/types\/post"}],"author":[{"embeddable":true,"href":"https:\/\/www.libertaepersona.org\/wordpress\/wp-json\/wp\/v2\/users\/32"}],"replies":[{"embeddable":true,"href":"https:\/\/www.libertaepersona.org\/wordpress\/wp-json\/wp\/v2\/comments?post=145660"}],"version-history":[{"count":0,"href":"https:\/\/www.libertaepersona.org\/wordpress\/wp-json\/wp\/v2\/posts\/145660\/revisions"}],"wp:featuredmedia":[{"embeddable":true,"href":"https:\/\/www.libertaepersona.org\/wordpress\/wp-json\/wp\/v2\/media\/180050"}],"wp:attachment":[{"href":"https:\/\/www.libertaepersona.org\/wordpress\/wp-json\/wp\/v2\/media?parent=145660"}],"wp:term":[{"taxonomy":"category","embeddable":true,"href":"https:\/\/www.libertaepersona.org\/wordpress\/wp-json\/wp\/v2\/categories?post=145660"},{"taxonomy":"post_tag","embeddable":true,"href":"https:\/\/www.libertaepersona.org\/wordpress\/wp-json\/wp\/v2\/tags?post=145660"}],"curies":[{"name":"wp","href":"https:\/\/api.w.org\/{rel}","templated":true}]}}