{"id":145657,"date":"2018-01-25T08:39:13","date_gmt":"2018-01-25T07:39:13","guid":{"rendered":"http:\/\/www.libertaepersona.org\/wordpress\/?p=145657"},"modified":"2018-01-25T08:39:13","modified_gmt":"2018-01-25T07:39:13","slug":"padoan-e-lecofin-ce-la-vuole-raccontare-noi-garanzia-di-crescita-ma-siamo-i-penultimi-in-europa","status":"publish","type":"post","link":"https:\/\/www.libertaepersona.org\/wordpress\/2018\/01\/padoan-e-lecofin-ce-la-vuole-raccontare-noi-garanzia-di-crescita-ma-siamo-i-penultimi-in-europa\/","title":{"rendered":"Padoan (e l\u2019Ecofin) ce la vuole raccontare: &#8220;Noi garanzia di crescita&#8221;. Ma siamo i penultimi in Europa"},"content":{"rendered":"<p><a href=\"https:\/\/www.libertaepersona.org\/wordpress\/wp-content\/uploads\/2018\/01\/padoan.jpg\" rel=\"attachment wp-att-145658\"><img decoding=\"async\" class=\"aligncenter  wp-image-145658 lazyload\" data-src=\"https:\/\/www.libertaepersona.org\/wordpress\/wp-content\/uploads\/2018\/01\/padoan-271x300.jpg\" alt=\"padoan\" width=\"187\" height=\"207\" data-srcset=\"https:\/\/www.libertaepersona.org\/wordpress\/wp-content\/uploads\/2018\/01\/padoan-271x300.jpg 271w, https:\/\/www.libertaepersona.org\/wordpress\/wp-content\/uploads\/2018\/01\/padoan.jpg 498w\" data-sizes=\"(max-width: 187px) 85vw, 187px\" src=\"data:image\/svg+xml;base64,PHN2ZyB3aWR0aD0iMSIgaGVpZ2h0PSIxIiB4bWxucz0iaHR0cDovL3d3dy53My5vcmcvMjAwMC9zdmciPjwvc3ZnPg==\" style=\"--smush-placeholder-width: 187px; --smush-placeholder-aspect-ratio: 187\/207;\" \/><\/a><\/p>\n<p>di Carlo Mascio.<\/p>\n<p><strong>Padoan<\/strong>\u00a0non ha perso tempo. Dopo l\u2019annuncio dato da Renzi sulla sua candidatura nel collegio di Siena, per il Pd ovviamente, il ministro dell\u2019Economia ha approfittato dell\u2019<strong>Ecofin<\/strong>\u00a0per iniziare la sua campagna elettorale. \u201cI miei colleghi sono al corrente che \u00e8 previsto uno scenario d&#8217;incertezza&#8221; nelle elezioni italiane e &#8220;siccome associano questo al fatto che in quattro anni di stabilit\u00e0 l&#8217;Italia ha fatto tanto, c&#8217;\u00e8 preoccupazione che ci possa essere una interruzione verso la stabilit\u00e0 e la crescita&#8221;.<!--more--><\/p>\n<p>Sar\u00e0, ma non \u00e8 chiaro cosa intenda Padoan (e l\u2019Ecofin) per\u00a0<strong>stabilit\u00e0 e crescita<\/strong>. Stando ai dati europei, infatti, l\u2019Italia \u00e8 penultima in termini di crescita, staccata di poco dal Belgio. Anche se questo \u00e8 bastato a Gentiloni per esultare: \u201cNon siamo pi\u00f9 il fanalino di coda dell\u2019Ue\u201d. Inoltre, come abbiamo detto altre volte, \u00e8 vero che segnali di ripresa ci sono in Italia, ma non sono certo frutto delle politiche economiche dei governi Renzi e Gentiloni. Se, infatti, l\u2019unica misura di cui si vanta il segretario Dem \u00e8 la famosa mancia da\u00a0<strong>80 euro<\/strong>, un motivo ci sar\u00e0. Mance e bonus, da soli non fanno una politica economica. A maggior ragione se questi vengono rispolverati, come \u00e8 accaduto anche per gli aumenti ai dipendenti statali, sempre prima di consultazioni elettorali.<\/p>\n<p>Cos\u00ec come non \u00e8 chiaro come mai\u00a0l\u2019Ecofin e anche i vertici europei (<strong>Moscovici <\/strong>su tutti) abbiano frettolosamente archiviato le bordate e le letterine inviate al governo italiano per i conti pubblici, non proprio in ordine, dicendosi ora, al contrario, preoccupati per un eventuale cambio di governo. Ricordiamo tutti, infatti, gli ultimatum bruxellesi, della serie: o correggete i conti o si apre una procedura di infrazione. E ricordiamo tutti che Padoan, al netto di alcuni sterili tentativi di fare muro, alla fine ha ceduto varando la famosa<strong>\u00a0manovra correttiva<\/strong>\u00a0da 3,4 miliardi di euro, per di pi\u00f9 dovuta all\u2019aumento esorbitante del debito pubblico durante il governo Renzi (quasi 135 miliardi di euro).<\/p>\n<p>Insomma, se \u00e8 vero, come direbbero \u201ci colleghi dell\u2019Ecofin\u201d, che i governi Renzi e Gentiloni si sono contraddistinti per stabilit\u00e0 e crescita, forse non ce ne siamo accorti. Di sicuro sappiamo che il debito \u00e8 aumentato, la spending review si \u00e8 andata a far benedire e le riforme non sono mai partite. L\u2019unica riforma andata in porto, il\u00a0<strong>Jobs Act<\/strong>, ha incentivato la precarizzazione del lavoro. Se questa \u00e8 la continuit\u00e0 evocata da Bruxelles, allora c\u2019\u00e8 poco da star tranquilli.<\/p>\n<p>Fonte: <a href=\"https:\/\/www.loccidentale.it\/articoli\/146446\/padoan-e-lecofin-ce-la-vuole-raccontare-noi-garanzia-di-crescita-ma-siamo-i\" target=\"_blank\">l\u2019Occidentale<\/a><\/p>\n","protected":false},"excerpt":{"rendered":"<p>di Carlo Mascio. Padoan\u00a0non ha perso tempo. Dopo l\u2019annuncio dato da Renzi sulla sua candidatura nel collegio di Siena, per il Pd ovviamente, il ministro dell\u2019Economia ha approfittato dell\u2019Ecofin\u00a0per iniziare la sua campagna elettorale. \u201cI miei colleghi sono al corrente che \u00e8 previsto uno scenario d&#8217;incertezza&#8221; nelle elezioni italiane e &#8220;siccome associano questo al fatto &hellip; <a href=\"https:\/\/www.libertaepersona.org\/wordpress\/2018\/01\/padoan-e-lecofin-ce-la-vuole-raccontare-noi-garanzia-di-crescita-ma-siamo-i-penultimi-in-europa\/\" class=\"more-link\">Continue reading<span class=\"screen-reader-text\"> &#8220;Padoan (e l\u2019Ecofin) ce la vuole raccontare: &#8220;Noi garanzia di crescita&#8221;. Ma siamo i penultimi in Europa&#8221;<\/span><\/a><\/p>\n","protected":false},"author":32,"featured_media":180050,"comment_status":"open","ping_status":"open","sticky":false,"template":"","format":"standard","meta":{"rop_custom_images_group":[],"rop_custom_messages_group":[],"rop_publish_now":"initial","rop_publish_now_accounts":[],"rop_publish_now_history":[],"rop_publish_now_status":"pending","footnotes":""},"categories":[153],"tags":[],"class_list":["post-145657","post","type-post","status-publish","format-standard","has-post-thumbnail","hentry","category-news-dalla-rete"],"_links":{"self":[{"href":"https:\/\/www.libertaepersona.org\/wordpress\/wp-json\/wp\/v2\/posts\/145657","targetHints":{"allow":["GET"]}}],"collection":[{"href":"https:\/\/www.libertaepersona.org\/wordpress\/wp-json\/wp\/v2\/posts"}],"about":[{"href":"https:\/\/www.libertaepersona.org\/wordpress\/wp-json\/wp\/v2\/types\/post"}],"author":[{"embeddable":true,"href":"https:\/\/www.libertaepersona.org\/wordpress\/wp-json\/wp\/v2\/users\/32"}],"replies":[{"embeddable":true,"href":"https:\/\/www.libertaepersona.org\/wordpress\/wp-json\/wp\/v2\/comments?post=145657"}],"version-history":[{"count":0,"href":"https:\/\/www.libertaepersona.org\/wordpress\/wp-json\/wp\/v2\/posts\/145657\/revisions"}],"wp:featuredmedia":[{"embeddable":true,"href":"https:\/\/www.libertaepersona.org\/wordpress\/wp-json\/wp\/v2\/media\/180050"}],"wp:attachment":[{"href":"https:\/\/www.libertaepersona.org\/wordpress\/wp-json\/wp\/v2\/media?parent=145657"}],"wp:term":[{"taxonomy":"category","embeddable":true,"href":"https:\/\/www.libertaepersona.org\/wordpress\/wp-json\/wp\/v2\/categories?post=145657"},{"taxonomy":"post_tag","embeddable":true,"href":"https:\/\/www.libertaepersona.org\/wordpress\/wp-json\/wp\/v2\/tags?post=145657"}],"curies":[{"name":"wp","href":"https:\/\/api.w.org\/{rel}","templated":true}]}}