{"id":144925,"date":"2017-11-26T10:32:59","date_gmt":"2017-11-26T09:32:59","guid":{"rendered":"http:\/\/www.libertaepersona.org\/wordpress\/?p=144925"},"modified":"2017-11-26T10:32:59","modified_gmt":"2017-11-26T09:32:59","slug":"conquista-islamica-in-atto-i-dati-che-confermano-wojtyla","status":"publish","type":"post","link":"https:\/\/www.libertaepersona.org\/wordpress\/2017\/11\/conquista-islamica-in-atto-i-dati-che-confermano-wojtyla\/","title":{"rendered":"Conquista islamica in atto: i dati che confermano Wojtyla"},"content":{"rendered":"<p><a href=\"https:\/\/www.libertaepersona.org\/wordpress\/wp-content\/uploads\/2017\/11\/Moschea-Colonia.jpg\" rel=\"attachment wp-att-144926\"><img decoding=\"async\" class=\"aligncenter  wp-image-144926 lazyload\" data-src=\"https:\/\/www.libertaepersona.org\/wordpress\/wp-content\/uploads\/2017\/11\/Moschea-Colonia-281x300.jpg\" alt=\"moschea-colonia\" width=\"172\" height=\"184\" data-srcset=\"https:\/\/www.libertaepersona.org\/wordpress\/wp-content\/uploads\/2017\/11\/Moschea-Colonia-281x300.jpg 281w, https:\/\/www.libertaepersona.org\/wordpress\/wp-content\/uploads\/2017\/11\/Moschea-Colonia.jpg 472w\" data-sizes=\"(max-width: 172px) 85vw, 172px\" src=\"data:image\/svg+xml;base64,PHN2ZyB3aWR0aD0iMSIgaGVpZ2h0PSIxIiB4bWxucz0iaHR0cDovL3d3dy53My5vcmcvMjAwMC9zdmciPjwvc3ZnPg==\" style=\"--smush-placeholder-width: 172px; --smush-placeholder-aspect-ratio: 172\/184;\" \/><\/a><\/p>\n<p>di Marco Tosatti.<\/p>\n<p><a href=\"http:\/\/www.lanuovabq.it\/it\/la-visione-di-giovanni-paolo-ii-lislam-invadera-leuropa\">La visione di Giovanni Paolo II relativa alla conquista islamica dell\u2019Europa<\/a>\u00a0\u00e8 realistica? Un dibattito sembra aprirsi su questo tema fra chi vede la concreta possibilit\u00e0 dell\u2019avverarsi di questo messaggio e chi invece sembra pi\u00f9 preoccupato delle ricadute \u2013 sul breve termine \u2013 di carattere politico, in Italia e altrove; e probabilmente non pu\u00f2 non percepire l\u2019incongruenza fra questo messaggio, e questo rischio, con la politica di immigrazione ossessiva praticata, e predicata da alcun settori della Chiesa contemporanea.<!--more--><\/p>\n<p><strong>E mentre si discute<\/strong>, il sito spagnolo\u00a0<a href=\"https:\/\/www.actuall.com\/democracia\/alemania-cristianismo-esta-muriendo-islam-ocupa-lugar\/\">Actuall\u00a0<\/a>entra, involontariamente, nella discussione pubblicando un&#8217;interessante inchiesta sullo stato della Chiesa cattolica tedesca, e sulla sua progressiva sostituzione da parte dell\u2019islam.<\/p>\n<p><strong>\u201cI dati dell\u2019indebolimento cattolico pubblicati dalla Conferenza episcopale tedesca<\/strong>\u00a0mostrano che \u2018la fede si \u00e8 svaporata\u2019, come ha detto il cardinale Friedrich Wetter\u201d, scrive Actuall. I dati sono drammatici: centinaia di migliaia di fedeli abbandonano la Chiesa cattolica, mentre solo qualche migliaio chiede di entrare a farne parte. Non dimentichiamo che in Germania la dichiarazione di appartenenza a una fede si paga nella cartella delle tasse, e quindi certamente anche questo elemento ha un suo ruolo; per\u00f2\u2026 Le vocazioni sacerdotali stanno scomparendo (e questo spiega l\u2019interesse dei vescovi tedeschi per la questione dei Viri Probati). A Monaco di Baviera, una volta la sorgente del cattolicesimo tedesco, ci sono 37 seminaristi a fronte di un milione e settecentomila cattolici. Negli Stati Uniti, per fare un paragone, la proporzione \u00e8 di 49 seminaristi ogni 96 mila cattolici.<\/p>\n<p><strong>I dati resi noti si riferiscono all\u2019anno scorso<\/strong>, al 2016. E in quei dodici mesi 162.093 persone hanno abbandonato. Sono state chiuse 537 parrocchie. \u00c8 un\u2019emorragia che non sembra volersi fermare: dal 1996 ad oggi un quarto delle comunit\u00e0 cattoliche hanno chiuso i battenti. Ci sono esempi drammatici. Nella diocesi di Trier, culla della comunit\u00e0 cattolica pi\u00f9 antica, e citt\u00e0 in cui ha avuto i suoi natali Karl Marx (non il cardinale, il filosofo), nel giro di tre anni le parrocchie passeranno da 903 a 35. A Essen su 259 parrocchie ne sono rimaste aperte 43.<\/p>\n<p><strong>Del fenomeno si \u00e8 occupato anche\u00a0<em>Die Welt<\/em><\/strong>, e le previsioni del giornale sono queste: nei prossimi venti anni i cristiani \u2013 cattolici e di altre confessioni \u2013 si trasformeranno in una minoranza. Attualmente il 60 per cento della popolazione \u00e8 nominalmente cristiano; ma questa cifra diminuisce in maniera rapida. I 24 milioni di cattolici e i 23 milioni di protestanti perdono, per varie ragioni, ogni anno circa 500 mila unit\u00e0.\u00a0<em>Die Zeit<\/em>\u00a0ha reso noto che nel 2016 sono venuti a mancare 340mila protestanti, e ci sono stati solo 180mila battesimi. Le uscite volontarie dalle confessioni protestanti tradizionali sono arrivate a 190mila, in quel periodo, contro 25mila nuovi adepti.<\/p>\n<p><strong>Il panorama religioso tedesco vedr\u00e0 dunque nell\u2019immediato futuro<\/strong>\u00a0una maggioranza di atei o agnostici, e due religioni minoritarie, cristianesimo e islam, di cui la seconda per\u00f2, a differenza della prima \u00e8 in rapida espansione, ed \u00e8 determinata a far sentire la sua voce e a cercare di stabilire, per le sue caratteristiche, qualche forma di supremazia. La demografia c\u2019entra, e non poco. Secondo Conrad Hackett, che ha guidato per il\u00a0<em>PEW Forum<\/em>\u00a0un\u2019inchiesta qualche mese fa, \u201cIl cristianesimo sta letteralmente morendo in Europa\u201d. Dal 2010 al 2015 i cristiani morti hanno superato di sei milioni le nuove nascite. Un milione e 400 mila solo in Germania.<\/p>\n<p><strong>Un architetto tedesco, Joaquim Renig<\/strong>, ha detto al giornale cattolico\u00a0<em>Tagespost\u00a0<\/em>che per integrare la comunit\u00e0 islamica bisognerebbe demolire le chiese e sostituirle con \u201cmoschee pi\u00f9 visibili\u201d. Negli anni \u201980 moschee e sale di orazione erano circa 700; adesso sono pi\u00f9 di 2500. La Turchia finanziato la costruzione di una mega-moschea a Colonia, capace di ospitare milleduecento fedeli; e ha il minareto pi\u00f9 alto d\u2019Europa. Che ormai gareggia nel panorama con le torri campanarie della famosissima cattedrale. La Turchia controlla 900 moschee nel Paese. Ma tutto questo sta creando una reazione: secondo il\u00a0<em>Gatestone Institute<\/em>, il 57 per cento dei tedeschi teme\u00a0la crescita dell\u2019islam. Secondo quanto ha dichiarato Erdogan, \u201cI nostri minareti sono le nostre baionette, le nostre cupole sono i nostri caschi, le nostre moschee sono le nostre caserme\u201d. E anche l\u2019Arabia Saudita si \u00e8 fatta avanti, proponendo di costruire 200 nuove moschee. Per\u00f2 ci sono nella Chiesa quelli che accusano di essere i nuovi crociati coloro che segnalano il problema\u2026<\/p>\n<p><strong>D\u2019altronde anche nel campo progressista della Chiesa<\/strong>\u00a0di tanto in tanto si leva quale voce preoccupata. Non pi\u00f9 tardi dell\u201911 settembre scorso il cardinale\u00a0Christoph Sch\u00f6nborn, arcivescovo di Vienna, e uno dei porporati pi\u00f9 ammirati dal Pontefice regnante, ha ammonito l\u2019Europa perch\u00e9 rischia di perdere la sua \u201ceredit\u00e0 cristiana\u201d e ha ipotizzato il pericolo che nel suo futuro ci possa essere \u201cuna conquista islamica\u201d.<\/p>\n<p><strong>Il cardinale, che certamente non pu\u00f2 essere definito un jihadista cattolico<\/strong>, parlava\u00a0nella cattedrale di Vienna, in occasione della festa che commemora la vittoria decisiva della coalizione cristiana sull\u2019esercito dell\u2019Impero ottomano nell\u2019assedio della citt\u00e0 nel 1683.<\/p>\n<p><strong>\u201cIn questo giorno, 333 anni fa<\/strong>, Vienna fu salvata\u201d, ha detto. \u201cCi sar\u00e0 adesso un terzo tentativo di una conquista islamica dell\u2019Europa? Molti musulmani pensano cos\u00ec, e lo desiderano, e dicono: questa Europa \u00e8 alla fine\u201d.<\/p>\n<p><strong>Christoph Sch\u00f6nborn ha poi continuato:<\/strong>\u00a0\u201cCredo che dobbiamo chiedere per l\u2019Europa quello che Mos\u00e8 ha fatto, nella lettura di oggi, per il suo figlio pi\u00f9 giovane: Signore, dacci un\u2019altra possibilit\u00e0! Non dimenticare che siamo il tuo popolo, come Mos\u00e8 Gli ricorda: Essi sono il tuo popolo, li hai guidati tu fuori, li hai santificati, sono il tuo popolo\u201d.<\/p>\n<p><strong>Ha poi concluso la sua omelia con parole certamente commoventi:<\/strong>\u00a0\u201c\u2026abbi piet\u00e0 dei tuoi eredi, abbi piet\u00e0 del tuo popolo, dell\u2019Europa che \u00e8 sul punto di abbandonare la sua eredit\u00e0 cristiana! Abbi piet\u00e0 di noi e innalzaci di nuovo, per la gloria del tuo nome e come una benedizione per il mondo\u201d.<\/p>\n<p><strong>L\u201911 settembre 1683 il re polacco Giovanni Sobieski III<\/strong>, comandante supremo della coalizione, guid\u00f2 una carica famosa di diciottomila uomini, gli \u201cussari alati\u201d contro le linee turche, in quella che \u00e8 considerata da alcuni la pi\u00f9 grande carica di cavalleria della storia. La vittoria della coalizione sugli assedianti turchi da parte di polacchi, austriaci, bavaresi, sassoni veneziani e altri segn\u00f2 la fine dell\u2019espansione dell\u2019Impero ottomano verso occidente. Sobieski, prima della battaglia, affid\u00f2 il suo regno alla Madonna di Czestochowa.<\/p>\n<p><strong>E ci sono voci pessimiste anche in Francia<\/strong>. Nell\u2019arco di quaranta anni, in base alle tendenze demografiche attuali, la popolazione originaria in Francia e in altri Paesi d\u2019Europa diminuir\u00e0 in maniera cos\u00ec consistente che si avr\u00e0 una maggioranza musulmana. \u00c8 la conclusione \u2013 naturalmente passibile di dibattito e di dissenso, come sempre in questi casi di proiezioni a lungo termine \u2013 di uno studioso ed economista francese, Charles Gave, che l\u2019ha pubblicata sul sito del suo\u00a0<em>think tank<\/em>,\u00a0<em>Libert\u00e9s<\/em>. Gave parla di una graduale \u201csparizione delle popolazioni europee\u201d, a fronte di un robusto tasso di nascite dei musulmani. Secondo lo studioso \u201cLa grande, immensa notizia dei prossimi trenta o quaranta anni sar\u00e0 cos\u00ec la sparizione delle popolazioni europee, i cui antenati hanno creato il mondo moderno. E con queste popolazioni spariranno le diverse e complementari nazioni europee che hanno permesso l\u2019immenso successo del vecchio continente per almeno cinque secoli\u201d.<\/p>\n<p>Fonte: <a href=\"http:\/\/www.lanuovabq.it\/it\/conquista-islamica-in-atto-i-dati-che-confermano-wojtyla\" target=\"_blank\">La nuova Bussola Quotidiana<\/a><\/p>\n","protected":false},"excerpt":{"rendered":"<p>di Marco Tosatti. La visione di Giovanni Paolo II relativa alla conquista islamica dell\u2019Europa\u00a0\u00e8 realistica? Un dibattito sembra aprirsi su questo tema fra chi vede la concreta possibilit\u00e0 dell\u2019avverarsi di questo messaggio e chi invece sembra pi\u00f9 preoccupato delle ricadute \u2013 sul breve termine \u2013 di carattere politico, in Italia e altrove; e probabilmente non &hellip; <a href=\"https:\/\/www.libertaepersona.org\/wordpress\/2017\/11\/conquista-islamica-in-atto-i-dati-che-confermano-wojtyla\/\" class=\"more-link\">Continue reading<span class=\"screen-reader-text\"> &#8220;Conquista islamica in atto: i dati che confermano Wojtyla&#8221;<\/span><\/a><\/p>\n","protected":false},"author":32,"featured_media":180050,"comment_status":"open","ping_status":"open","sticky":false,"template":"","format":"standard","meta":{"rop_custom_images_group":[],"rop_custom_messages_group":[],"rop_publish_now":"initial","rop_publish_now_accounts":[],"rop_publish_now_history":[],"rop_publish_now_status":"pending","footnotes":""},"categories":[153],"tags":[],"class_list":["post-144925","post","type-post","status-publish","format-standard","has-post-thumbnail","hentry","category-news-dalla-rete"],"_links":{"self":[{"href":"https:\/\/www.libertaepersona.org\/wordpress\/wp-json\/wp\/v2\/posts\/144925","targetHints":{"allow":["GET"]}}],"collection":[{"href":"https:\/\/www.libertaepersona.org\/wordpress\/wp-json\/wp\/v2\/posts"}],"about":[{"href":"https:\/\/www.libertaepersona.org\/wordpress\/wp-json\/wp\/v2\/types\/post"}],"author":[{"embeddable":true,"href":"https:\/\/www.libertaepersona.org\/wordpress\/wp-json\/wp\/v2\/users\/32"}],"replies":[{"embeddable":true,"href":"https:\/\/www.libertaepersona.org\/wordpress\/wp-json\/wp\/v2\/comments?post=144925"}],"version-history":[{"count":0,"href":"https:\/\/www.libertaepersona.org\/wordpress\/wp-json\/wp\/v2\/posts\/144925\/revisions"}],"wp:featuredmedia":[{"embeddable":true,"href":"https:\/\/www.libertaepersona.org\/wordpress\/wp-json\/wp\/v2\/media\/180050"}],"wp:attachment":[{"href":"https:\/\/www.libertaepersona.org\/wordpress\/wp-json\/wp\/v2\/media?parent=144925"}],"wp:term":[{"taxonomy":"category","embeddable":true,"href":"https:\/\/www.libertaepersona.org\/wordpress\/wp-json\/wp\/v2\/categories?post=144925"},{"taxonomy":"post_tag","embeddable":true,"href":"https:\/\/www.libertaepersona.org\/wordpress\/wp-json\/wp\/v2\/tags?post=144925"}],"curies":[{"name":"wp","href":"https:\/\/api.w.org\/{rel}","templated":true}]}}