{"id":144919,"date":"2017-11-25T08:10:48","date_gmt":"2017-11-25T07:10:48","guid":{"rendered":"http:\/\/www.libertaepersona.org\/wordpress\/?p=144919"},"modified":"2017-11-25T08:10:49","modified_gmt":"2017-11-25T07:10:49","slug":"tenevano-famiglia-adesso-non-piu-il-pasticciaccio-sui-fondi-anti-aborto-della-regione-lombardia","status":"publish","type":"post","link":"https:\/\/www.libertaepersona.org\/wordpress\/2017\/11\/tenevano-famiglia-adesso-non-piu-il-pasticciaccio-sui-fondi-anti-aborto-della-regione-lombardia\/","title":{"rendered":"Tenevano famiglia, adesso non pi\u00f9. Il pasticciaccio sui fondi anti aborto della Regione Lombardia"},"content":{"rendered":"<p><a href=\"https:\/\/www.libertaepersona.org\/wordpress\/wp-content\/uploads\/2017\/11\/Lega-family-day.jpg\" rel=\"attachment wp-att-144920\"><img decoding=\"async\" class=\"aligncenter  wp-image-144920 lazyload\" data-src=\"https:\/\/www.libertaepersona.org\/wordpress\/wp-content\/uploads\/2017\/11\/Lega-family-day-283x300.jpg\" alt=\"lega-family-day\" width=\"183\" height=\"194\" data-srcset=\"https:\/\/www.libertaepersona.org\/wordpress\/wp-content\/uploads\/2017\/11\/Lega-family-day-283x300.jpg 283w, https:\/\/www.libertaepersona.org\/wordpress\/wp-content\/uploads\/2017\/11\/Lega-family-day.jpg 438w\" data-sizes=\"(max-width: 183px) 85vw, 183px\" src=\"data:image\/svg+xml;base64,PHN2ZyB3aWR0aD0iMSIgaGVpZ2h0PSIxIiB4bWxucz0iaHR0cDovL3d3dy53My5vcmcvMjAwMC9zdmciPjwvc3ZnPg==\" style=\"--smush-placeholder-width: 183px; --smush-placeholder-aspect-ratio: 183\/194;\" \/><\/a><\/p>\n<p>di Benedetta Frigerio.<\/p>\n<p>\u00abSono riusciti a cancellare il contrasto all&#8217;aborto dalle politiche della Regione Lombardia con il placet di tutti i partiti che si sono sempre detti a favore della vita e della famiglia. Tutti, Lega, Forza Italia, Ncd, hanno preferito l&#8217;opzione politicamente corretta, mentre diversi Cav (Centri di aiuto alla vita) si sono arresi per ragioni economiche e a prezzo della propria identit\u00e0\u00bb.<\/p>\n<p><strong>\u00c8 questa la sintesi di quanto \u00e8 avvenuto con la cancellazione<\/strong>\u00a0<strong>del<\/strong>\u00a0fondo Nasko, sostituito con un bonus di sostegno alla maternit\u00e0.<!--more--> A denunciare quello che \u00e8 un \u00abgravissimo danno culturale, che d\u00e0 un colpo mortale al lavoro fatto sul territorio in difesa della vita nascente\u00bb, \u00e8 Tea Ceni Longoni, presidente dei Cav di Abbiategrasso, Magenta e Rho.<\/p>\n<p><strong>Longoni non si capacita di come sia potuto accadere, dopo quella che definisce \u00abuna rivoluzione ch<\/strong>e spiazz\u00f2 tutti e che ci ha resi un modello eccezionale per tutto il mondo\u00bb. Rivoluzione che cominci\u00f2 con una dichiarazione dell&#8217;allora presidente lombardo Roberto Formigoni quando, nel 2010, anticip\u00f2 l&#8217;apertura del fondo: \u00abIn Regione Lombardia non ci dovr\u00e0 essere pi\u00f9 alcuna donna che abortisce per ragioni economiche\u00bb, disse il presidente. Per la prima volta, spiega Longoni, \u00abun politico parlava di lotta all&#8217;aborto come sostegno alla maternit\u00e0\u00bb.<\/p>\n<p><strong>Non solo, \u00abdiede ai Centri di aiuto alla vita un ruolo centrale per la gestione del fondo, istituendo<\/strong>\u00a0anche un registro dei Cav, a cui ci si poteva iscrivere dimostrando l&#8217;attivit\u00e0 a sostegno della madre e in difesa della vita fin dal concepimento\u00bb. Il problema gestionale, per\u00f2, fu enorme e ci furono degli sprechi, \u00abdati dall&#8217;iniziale assenza dell&#8217;obbligo di certificazione della gravidanza da parte dei Cav\u00bb. Longoni e altri rappresentati dei centri di aiuto alla vita e di associazioni impegnate sul territorio collaborarono quindi con la Regione per bilanciare il Nasko: \u00abGi\u00e0 allora c&#8217;era chi voleva elargirlo senza pi\u00f9 menzionare l&#8217;aborto e alcuni Cav si stavano piegando, ma alla fine abbiamo ottenuto che i fondi fossero elargiti per contrastarlo\u00bb.<\/p>\n<p><strong>A cambiare fu quindi il percorso d&#8217;accesso: \u00abSi richiedeva la certificazione di gravidanza da parte<\/strong>\u00a0<strong>dei<\/strong>\u00a0consultori, dei medici o degli ospedali\u00bb. Vennero inseriti anche dei criteri di residenza e di Isee entro cui la donna doveva rientrare. \u00abDa qui nacque un percorso di sostegno enorme. Per 18 mesi, la durata del fondo, accompagnavamo la madre in collaborazione con i consultori e i medici, persino quelli abortisti\u00bb. Nel 2014, per\u00f2, il fondo subisce un ulteriore taglio (clicca\u00a0<a href=\"http:\/\/www.lanuovabq.it\/it\/articoli-ce-madre-e-madre-la-lega-discrimina-quelle-straniere-8885.htm\"><strong>qui<\/strong><\/a>\u00a0e\u00a0<a href=\"http:\/\/www.lanuovabq.it\/it\/articoli-mamme-scuola-lavoro-maroni-non-tiene-famiglia-10785.htm\"><strong>qui)<\/strong><\/a>: \u00abSiamo stati disposti a rivedere i criteri di nuovo, ma mai a toccare la sostanza\u00bb, perch\u00e9 \u00abnon importa quanti soldi ci arrivano, questi sono solo uno strumento\u00bb.<\/p>\n<p><strong>Secondo Longoni, infatti, \u00abil problema dell&#8217;aborto non \u00e8 economico e il fondo aveva come unico scopo\u00a0<\/strong>l&#8217;incontro con la donna prima della dodicesima settimana (limite legale previsto per abortire, fatta eccezione per altri casi particolari previsti dagli articoli 6 e 7 della legge 194)&#8221; e la possibilit\u00e0 di entrare in relazione con lei per aiutarla ad accettare il suo bambino. Non siamo un business, lavoriamo come volontari e il nostro compito non \u00e8 quello di salvare bambini, ma di permettere alla madre di farlo attraverso uno strumento, donandole uno sguardo nuovo sul figlio\u00bb. Mentre il nuovo bonus per il sostegno alla maternit\u00e0 \u00abci priva dello strumento per salvare le vite dei figli delle donne incerte. Lo riceveranno, infatti, solo le mamme che sono gi\u00e0 oltre la quattordicesima settimana di gravidanza e che quindi non possono gi\u00e0 pi\u00f9 abortire a meno di pericolo di vita della madre e malformazione del nascituro\u00bb.<\/p>\n<p><strong>Il nuovo fondo che prevede anche \u00abun Isee maggiore, sotto i 20 mila euro annui e la residenza di\u00a0<\/strong>5<strong>\u00a0<\/strong>anni<strong>,<\/strong>\u00a0\u00e8 quindi un tradimento della nostra natura: con tutto il rispetto, ma noi non siamo la Caritas\u00bb. Devastante sar\u00e0 anche l&#8217;impatto culturale sul territorio: \u00abGrazie al Nasko e alle certificazioni esterne ai Cav, accadeva ormai che diversi abortisti ospedalieri ci mandassero le donne. E lo stesso \u00e8 successo con tutti i consultori della zona che siamo andati ad incontrare. Fino a ritrovarmi a parlare, durante un convegno sulla vita, della maternit\u00e0 della Madonna davanti alle operatrici abortiste invitate e sedute in prima fila\u00bb. Longoni ci tiene a precisare che, \u00abpurtroppo, parte del movimento pro vita, e ormai molti Cav si sono piegati riducendo la maternit\u00e0 a una questione economica e al diritto di scelta della donna a essere madre\u00bb.<\/p>\n<p><strong>Che implica anche quello di non esserlo e perci\u00f2 di eliminare il bambino. Puntando sulle ragioni\u00a0<\/strong>material<strong>i<\/strong>\u00a0e gli \u201costacoli da rimuovere\u201d, secondo la logica della legge abortista 194\/78, \u00absi \u00e8 poi finiti per concentrarsi sui soldi e per cedere sul principio pur di ottenerli dalla Regione, non importa se non serviranno pi\u00f9 a salvare bambini. Noi ed altri Cav, come quello di Varese, abbiamo sempre difeso il fondo: per ridotto che fosse ci permetteva di incontrare le donne che volevano abortire. \u00c8 solo per questo che i centri di aiuto alla vita sono nati. Diversamente? Moriranno\u00bb.<\/p>\n<p>Fonte: <a href=\"http:\/\/www.lanuovabq.it\/it\/tenevano-famiglia-adesso-non-piu-il-pasticciaccio-sui-fondi-anti-aborto-della-regione-lombardia\" target=\"_blank\">La nuova Bussola Quotidiana<\/a><\/p>\n","protected":false},"excerpt":{"rendered":"<p>di Benedetta Frigerio. \u00abSono riusciti a cancellare il contrasto all&#8217;aborto dalle politiche della Regione Lombardia con il placet di tutti i partiti che si sono sempre detti a favore della vita e della famiglia. Tutti, Lega, Forza Italia, Ncd, hanno preferito l&#8217;opzione politicamente corretta, mentre diversi Cav (Centri di aiuto alla vita) si sono arresi &hellip; <a href=\"https:\/\/www.libertaepersona.org\/wordpress\/2017\/11\/tenevano-famiglia-adesso-non-piu-il-pasticciaccio-sui-fondi-anti-aborto-della-regione-lombardia\/\" class=\"more-link\">Continue reading<span class=\"screen-reader-text\"> &#8220;Tenevano famiglia, adesso non pi\u00f9. Il pasticciaccio sui fondi anti aborto della Regione Lombardia&#8221;<\/span><\/a><\/p>\n","protected":false},"author":32,"featured_media":180050,"comment_status":"open","ping_status":"open","sticky":false,"template":"","format":"standard","meta":{"rop_custom_images_group":[],"rop_custom_messages_group":[],"rop_publish_now":"initial","rop_publish_now_accounts":[],"rop_publish_now_history":[],"rop_publish_now_status":"pending","footnotes":""},"categories":[153],"tags":[],"class_list":["post-144919","post","type-post","status-publish","format-standard","has-post-thumbnail","hentry","category-news-dalla-rete"],"_links":{"self":[{"href":"https:\/\/www.libertaepersona.org\/wordpress\/wp-json\/wp\/v2\/posts\/144919","targetHints":{"allow":["GET"]}}],"collection":[{"href":"https:\/\/www.libertaepersona.org\/wordpress\/wp-json\/wp\/v2\/posts"}],"about":[{"href":"https:\/\/www.libertaepersona.org\/wordpress\/wp-json\/wp\/v2\/types\/post"}],"author":[{"embeddable":true,"href":"https:\/\/www.libertaepersona.org\/wordpress\/wp-json\/wp\/v2\/users\/32"}],"replies":[{"embeddable":true,"href":"https:\/\/www.libertaepersona.org\/wordpress\/wp-json\/wp\/v2\/comments?post=144919"}],"version-history":[{"count":0,"href":"https:\/\/www.libertaepersona.org\/wordpress\/wp-json\/wp\/v2\/posts\/144919\/revisions"}],"wp:featuredmedia":[{"embeddable":true,"href":"https:\/\/www.libertaepersona.org\/wordpress\/wp-json\/wp\/v2\/media\/180050"}],"wp:attachment":[{"href":"https:\/\/www.libertaepersona.org\/wordpress\/wp-json\/wp\/v2\/media?parent=144919"}],"wp:term":[{"taxonomy":"category","embeddable":true,"href":"https:\/\/www.libertaepersona.org\/wordpress\/wp-json\/wp\/v2\/categories?post=144919"},{"taxonomy":"post_tag","embeddable":true,"href":"https:\/\/www.libertaepersona.org\/wordpress\/wp-json\/wp\/v2\/tags?post=144919"}],"curies":[{"name":"wp","href":"https:\/\/api.w.org\/{rel}","templated":true}]}}