{"id":144903,"date":"2017-11-24T07:38:27","date_gmt":"2017-11-24T06:38:27","guid":{"rendered":"http:\/\/www.libertaepersona.org\/wordpress\/?p=144903"},"modified":"2017-11-24T07:38:27","modified_gmt":"2017-11-24T06:38:27","slug":"il-patriarca-ortodosso-vede-i-segni-dellapocalisse","status":"publish","type":"post","link":"https:\/\/www.libertaepersona.org\/wordpress\/2017\/11\/il-patriarca-ortodosso-vede-i-segni-dellapocalisse\/","title":{"rendered":"Il patriarca ortodosso vede i segni dell&#8217;Apocalisse"},"content":{"rendered":"<p><a href=\"https:\/\/www.libertaepersona.org\/wordpress\/wp-content\/uploads\/2017\/03\/Kirill.jpg\" rel=\"attachment wp-att-141004\"><img decoding=\"async\" class=\"aligncenter  wp-image-141004 lazyload\" data-src=\"https:\/\/www.libertaepersona.org\/wordpress\/wp-content\/uploads\/2017\/03\/Kirill-232x300.jpg\" alt=\"kirill\" width=\"181\" height=\"234\" data-srcset=\"https:\/\/www.libertaepersona.org\/wordpress\/wp-content\/uploads\/2017\/03\/Kirill-232x300.jpg 232w, https:\/\/www.libertaepersona.org\/wordpress\/wp-content\/uploads\/2017\/03\/Kirill.jpg 397w\" data-sizes=\"(max-width: 181px) 85vw, 181px\" src=\"data:image\/svg+xml;base64,PHN2ZyB3aWR0aD0iMSIgaGVpZ2h0PSIxIiB4bWxucz0iaHR0cDovL3d3dy53My5vcmcvMjAwMC9zdmciPjwvc3ZnPg==\" style=\"--smush-placeholder-width: 181px; --smush-placeholder-aspect-ratio: 181\/234;\" \/><\/a><\/p>\n<p>di Marco Tosatti.<\/p>\n<p>Il patriarca Kirill ha detto nei giorni scorsi in un discorso pubblico che i segni del Libro dell\u2019Apocalisse sono ormai evidenti. Ha anche chiesto ai politici, agli artisti, agli scienziati e ai comuni cittadini di unirsi, per fermare il movimento verso l\u2019abisso: \u201cStiamo entrando in un periodo critico nello sviluppo della civilt\u00e0 umana\u201d.<!--more--><\/p>\n<p><strong>Sono parole straordinariamente chiare e dure<\/strong>, certamente non usuali sulla bocca della pi\u00f9 alta autorit\u00e0 della Chiesa Ortodossa russa. \u201cTutti coloro che amano la Patria devono essere insieme perch\u00e9 stiamo entrando in un periodo critico nella storia della civilt\u00e0 umana. Questo pu\u00f2 gi\u00e0 essere visto a occhio nudo. Bisogna essere ciechi per non notare l\u2019avvicinarsi di momenti che ispirano timore nella storia, ci\u00f2 di cui l\u2019apostolo ed evangelista Giovanni parlava nel Libro dell\u2019Apocalisse\u201d.<\/p>\n<p><strong>Il Patriarca di Mosca e di tutte le Russie<\/strong>\u00a0ha aggiunto che il momento preciso della fine dei tempi dipende dalle azioni di ciascuno. Ha chiesto al popolo di capire la responsabilit\u00e0 delle persone per ci\u00f2 che riguarda la Russia e l\u2019intera umanit\u00e0, e di bloccare \u201cil movimento verso l\u2019abisso della fine della storia\u201d.<\/p>\n<p><strong>Ha poi sottolineato che molti rappresentanti dell\u2019<em>intelligentsia<\/em><\/strong>\u00a0della Russia moderna stanno ripetendo gli errori commessi dai loro predecessori, che portarono il Paese nei rovinosi eventi rivoluzionari del XX secolo. \u201cOggi \u00e8 il momento sbagliato per far oscillare la barca delle passioni umane, perch\u00e9 ci sono gi\u00e0 troppe influenze negative sulla vita spirituale delle persone\u201d, ha detto Kirill. Il Patriarca ha celebrato una messa nella cattedrale di Mosca, la chiesa del San Salvatore. Subito dopo il Sinodo della Chiesa Ortodossa ha offerto al Patriarca una copia del copricapo cerimoniale indossato dal patriarca Tikhon, l\u2019uomo che fu eletto a quella carica esattamente un secolo fa.<\/p>\n<p>Fonte: <a href=\"http:\/\/www.lanuovabq.it\/it\/il-patriarca-ortodosso-vede-i-segni-dellapocalisse\" target=\"_blank\">La nuova Bussola Quotidiana<\/a><\/p>\n","protected":false},"excerpt":{"rendered":"<p>di Marco Tosatti. Il patriarca Kirill ha detto nei giorni scorsi in un discorso pubblico che i segni del Libro dell\u2019Apocalisse sono ormai evidenti. Ha anche chiesto ai politici, agli artisti, agli scienziati e ai comuni cittadini di unirsi, per fermare il movimento verso l\u2019abisso: \u201cStiamo entrando in un periodo critico nello sviluppo della civilt\u00e0 &hellip; <a href=\"https:\/\/www.libertaepersona.org\/wordpress\/2017\/11\/il-patriarca-ortodosso-vede-i-segni-dellapocalisse\/\" class=\"more-link\">Continue reading<span class=\"screen-reader-text\"> &#8220;Il patriarca ortodosso vede i segni dell&#8217;Apocalisse&#8221;<\/span><\/a><\/p>\n","protected":false},"author":32,"featured_media":180050,"comment_status":"open","ping_status":"open","sticky":false,"template":"","format":"standard","meta":{"rop_custom_images_group":[],"rop_custom_messages_group":[],"rop_publish_now":"initial","rop_publish_now_accounts":[],"rop_publish_now_history":[],"rop_publish_now_status":"pending","footnotes":""},"categories":[153],"tags":[],"class_list":["post-144903","post","type-post","status-publish","format-standard","has-post-thumbnail","hentry","category-news-dalla-rete"],"_links":{"self":[{"href":"https:\/\/www.libertaepersona.org\/wordpress\/wp-json\/wp\/v2\/posts\/144903","targetHints":{"allow":["GET"]}}],"collection":[{"href":"https:\/\/www.libertaepersona.org\/wordpress\/wp-json\/wp\/v2\/posts"}],"about":[{"href":"https:\/\/www.libertaepersona.org\/wordpress\/wp-json\/wp\/v2\/types\/post"}],"author":[{"embeddable":true,"href":"https:\/\/www.libertaepersona.org\/wordpress\/wp-json\/wp\/v2\/users\/32"}],"replies":[{"embeddable":true,"href":"https:\/\/www.libertaepersona.org\/wordpress\/wp-json\/wp\/v2\/comments?post=144903"}],"version-history":[{"count":0,"href":"https:\/\/www.libertaepersona.org\/wordpress\/wp-json\/wp\/v2\/posts\/144903\/revisions"}],"wp:featuredmedia":[{"embeddable":true,"href":"https:\/\/www.libertaepersona.org\/wordpress\/wp-json\/wp\/v2\/media\/180050"}],"wp:attachment":[{"href":"https:\/\/www.libertaepersona.org\/wordpress\/wp-json\/wp\/v2\/media?parent=144903"}],"wp:term":[{"taxonomy":"category","embeddable":true,"href":"https:\/\/www.libertaepersona.org\/wordpress\/wp-json\/wp\/v2\/categories?post=144903"},{"taxonomy":"post_tag","embeddable":true,"href":"https:\/\/www.libertaepersona.org\/wordpress\/wp-json\/wp\/v2\/tags?post=144903"}],"curies":[{"name":"wp","href":"https:\/\/api.w.org\/{rel}","templated":true}]}}