{"id":144482,"date":"2017-11-25T18:56:24","date_gmt":"2017-11-25T17:56:24","guid":{"rendered":"http:\/\/www.libertaepersona.org\/wordpress\/?p=144482"},"modified":"2017-10-25T22:34:47","modified_gmt":"2017-10-25T21:34:47","slug":"144482","status":"publish","type":"post","link":"https:\/\/www.libertaepersona.org\/wordpress\/2017\/11\/144482\/","title":{"rendered":""},"content":{"rendered":"<p style=\"text-align: left;\"><a href=\"https:\/\/www.libertaepersona.org\/wordpress\/wp-content\/uploads\/2017\/10\/repubblica.jpg\" rel=\"attachment wp-att-144483\"><img decoding=\"async\" class=\"alignnone size-full wp-image-144483 lazyload\" data-src=\"https:\/\/www.libertaepersona.org\/wordpress\/wp-content\/uploads\/2017\/10\/repubblica.jpg\" alt=\"repubblica\" width=\"570\" height=\"940\" data-srcset=\"https:\/\/www.libertaepersona.org\/wordpress\/wp-content\/uploads\/2017\/10\/repubblica.jpg 570w, https:\/\/www.libertaepersona.org\/wordpress\/wp-content\/uploads\/2017\/10\/repubblica-182x300.jpg 182w\" data-sizes=\"(max-width: 570px) 85vw, 570px\" src=\"data:image\/svg+xml;base64,PHN2ZyB3aWR0aD0iMSIgaGVpZ2h0PSIxIiB4bWxucz0iaHR0cDovL3d3dy53My5vcmcvMjAwMC9zdmciPjwvc3ZnPg==\" style=\"--smush-placeholder-width: 570px; --smush-placeholder-aspect-ratio: 570\/940;\" \/><\/a><\/p>\n<p style=\"text-align: left;\">CITTA&#8217; DEL VATICANO &#8211; &#8220;Lei presto sar\u00e0 eletto papa, ma morir\u00e0 dopo pochi giorni la sua ascesa al soglio di Pietro&#8221;. Una predizione tremenda, drammaticamente puntuale, che un anno prima la sua elezione pontificia, il cardinale e patriarca di Venezia Albino Luciani, futuro papa Giovanni Paolo I, sent\u00ec in prima persona dalla bocca di suor Lucia, l&#8217; unica veggente di Fatima ancora in vita. Il colloquio tra la religiosa e il porporato si svolse in Portogallo, l&#8217; 11 luglio 1977, poco pi\u00f9 di tredici mesi prima dell&#8217; elezione papale di Luciani. Il futuro papa usc\u00ec da quell&#8217; incontro visibilmente turbato, come egli stesso confid\u00f2 ai suoi pi\u00f9 familiari. Con estrema puntualit\u00e0, le parole di suor Lucia si trasformarono in concreta realt\u00e0 il 26 agosto 1978, giorno in cui Albino Luciani, come si sa, fu eletto papa al termine di uno dei pi\u00f9 brevi conclavi della storia della Chiesa cattolica, durato un solo giorno, succedendo a Paolo VI col nome di Giovanni Paolo I. Ma, il suo regno era destinato a durare appena 33 giorni. Infatti, la mattina del 28 settembre, Giovanni Paolo I fu trovato morto nel suo letto, in Vaticano, per motivi mai del tutto chiariti, secondo proprio quanto aveva appreso dall&#8217; ultima veggente di Fatima l&#8217; anno precedente. Papa Luciani, quindi, sapeva che avrebbe regnato sulla Chiesa cattolica solo per pochi giorni. ERA consapevole, papa Luciani, che l&#8217; elezione papale si sarebbe trasformata per lui in un indiretto appuntamento con la morte. A rivelare per la prima volta questa drammatica circostanza \u00e8 un testimone d&#8217; eccezione, Edoardo Luciani, 75 anni ben portati, fratello di Giovanni Paolo I, intervistato dal settimanale cattolico Il Sabato in occasione del quindicesimo anniversario dell&#8217; elezione del suo congiunto a capo della Chiesa. Al periodico, Edoardo Luciani, rompendo un silenzio durato anni in merito ai misteri che finora hanno accompagnato la morte del fratello, smentisce quanti hanno sempre sostenuto che Giovanni Paolo I sarebbe morto schiacciato dall&#8217; eccessivo lavoro o da una salute malferma. Prende anche le distanze, l&#8217; anziano Edoardo Luciani, da certi luoghi comuni sorti intorno alla figura del fratello all&#8217; indomani dell&#8217; elezione pontificia. &#8220;La retorica del Papa del sorriso &#8211; confessa infatti al Sabato all&#8217; apertura dell&#8217; intervista &#8211; mi fa solo venire l&#8217; amaro in bocca&#8221;. A quindici anni dalla scomparsa del papa dei 33 giorni, sul caso-Luciani \u00e8 quindi di nuovo giallo aperto. A far lievitare i dubbi e gli interrogativi, per di pi\u00f9, ci ha pensato la stessa famiglia di Giovanni Paolo I, persone schive, vissute da sempre lontane dai clamori della ribalta. Edoardo era il familiare pi\u00f9 in confidenza con papa Luciani. L&#8217; ultima volta che lo vide fu pochi giorni prima della sua improvvisa morte. L&#8217; incontro avvenne nell&#8217; appartamento papale, in Vaticano. Alla fine, racconta Edoardo, i due si salutarono in una maniera diversa dal loro solito (&#8220;Un lungo abbraccio come fosse un addio definitivo&#8221;). Alla domanda se il fratello gli avesse rivelato qualche progetto particolare per il pontificato, Edoardo Luciani, prima pensa intensamente, poi risponde serio, facendo capire di essere sul punto di svelare un segreto: &#8220;Progetti per il pontificato&#8230;solo il minimo indispensabile richiesto dalle esigenze della Curia. E vuol sapere perch\u00e8? Ebbene, io sono sempre pi\u00f9 persuaso che mio fratello Albino sapesse in anticipo che il suo pontificato doveva durare molto poco, e anche per questo non concep\u00ec programmi a lungo termine&#8221;. Un presagio, avverte il vecchio Edoardo, non dovuto a problemi di salute o a stress fisico-emotivo causato dal &#8220;mestiere&#8221; di papa. &#8220;Guardi &#8211; puntualizza Edoardo Luciani &#8211; sulla salute di Albino si sono dette e scritte troppo cose sbagliate, almeno esagerate. Mi vien da dire che aveva una salute di ferro. Io sono stato artigliere, costituzione robusta, ma non avrei mai resistito al ritmo di vita, per lui normale, quando era patriarca di Venezia: sveglia alle 4,30 del mattino, giornata piena fino alle 22,30 della sera&#8221;. Perch\u00e8, allora quel sinistro presagio della morte &#8220;precoce&#8221; subito dopo l&#8217; elezione a papa? &#8220;Io penso &#8211; \u00e8 la risposta &#8211; che il suo presagio di una morte repentina, da Papa, fosse legato ad un lungo colloquio che Albino ebbe con l&#8217; unica veggente di Fatima ancora in vita. Incontr\u00f2 suor Lucia l&#8217; 11 luglio 1977, in Portogallo. Giusto un anno prima del Conclave da cui usc\u00ec papa. Mio fratello ne usc\u00ec sconvolto. Ogni volta che nel colloquio con noi ne faceva cenno, diventava pallido in volto. Come se un pensiero oscuro lo turbasse nel profondo. Tutti noi ne siamo rimasti sempre impressionati. Ora, a posteriori, mettendo insieme tutti gli accenni fatti da mio fratello in vari colloqui, \u00e8 tutto chiaro. Quel giorno la veggente gli disse qualche cosa che riguardava non solo la Chiesa, ma anche la sua vita, il destino che Dio gli preparava. Potrei aggiungere altri particolari, ma preferisco tenerli per me, non so neanche perch\u00e8 abbia confidato questi pensieri&#8230;&#8221;. Fin qui il vecchio Edoardo, che nel chiudersi in se stesso, fa chiaramente capire che intorno alla morte di Giovanni Paolo I la famiglia Luciani \u00e8 al corrente di qualche altro particolare ancora inedito, forse anche scottante. Come svela, parzialmente, Lina Petri, una nipote molto cara a papa Luciani. &#8220;Guardi &#8211; \u00e8 la sua ammissione &#8211; che lo zio Edoardo \u00e8 un tipo con i piedi ben piantati sulla terra, tutto il contrario di un credulone. Quanto le ha confidato appartiene, ovviamente, ad una dimensione non completamente verificabile, ma corrisponde a fatti e impressioni molto radicati nella nostra famiglia&#8221;.<\/p>\n<p style=\"text-align: left;\"><em class=\"author\">di ORAZIO LA ROCCA, 25 agosto 1993<br \/>\n<\/em><\/p>\n<p>http:\/\/ricerca.repubblica.it\/repubblica\/archivio\/repubblica\/1993\/08\/25\/la-suora-di-fatima-predisse-la.html<\/p>\n<p>&nbsp;<\/p>\n<p>Aldo Maria Valli,\u00a0 in Il forziere dei papi. Storia, volti, misteri dello IOR.<\/p>\n<h1 class=\"gb-volume-title\" dir=\"ltr\"><\/h1>\n<p><a href=\"https:\/\/www.libertaepersona.org\/wordpress\/wp-content\/uploads\/2017\/11\/Valli.jpg\" rel=\"attachment wp-att-144485\"><img decoding=\"async\" class=\"alignnone size-full wp-image-144485 lazyload\" data-src=\"https:\/\/www.libertaepersona.org\/wordpress\/wp-content\/uploads\/2017\/11\/Valli.jpg\" alt=\"valli\" width=\"668\" height=\"720\" data-srcset=\"https:\/\/www.libertaepersona.org\/wordpress\/wp-content\/uploads\/2017\/11\/Valli.jpg 668w, https:\/\/www.libertaepersona.org\/wordpress\/wp-content\/uploads\/2017\/11\/Valli-278x300.jpg 278w\" data-sizes=\"(max-width: 709px) 85vw, (max-width: 909px) 67vw, (max-width: 984px) 61vw, (max-width: 1362px) 45vw, 600px\" src=\"data:image\/svg+xml;base64,PHN2ZyB3aWR0aD0iMSIgaGVpZ2h0PSIxIiB4bWxucz0iaHR0cDovL3d3dy53My5vcmcvMjAwMC9zdmciPjwvc3ZnPg==\" style=\"--smush-placeholder-width: 668px; --smush-placeholder-aspect-ratio: 668\/720;\" \/><\/a><\/p>\n<p><a href=\"https:\/\/www.libertaepersona.org\/wordpress\/wp-content\/uploads\/2017\/11\/Valli-2.jpg\" rel=\"attachment wp-att-144487\"><img decoding=\"async\" class=\"alignnone size-full wp-image-144487 lazyload\" data-src=\"https:\/\/www.libertaepersona.org\/wordpress\/wp-content\/uploads\/2017\/11\/Valli-2.jpg\" alt=\"valli-2\" width=\"659\" height=\"729\" data-srcset=\"https:\/\/www.libertaepersona.org\/wordpress\/wp-content\/uploads\/2017\/11\/Valli-2.jpg 659w, https:\/\/www.libertaepersona.org\/wordpress\/wp-content\/uploads\/2017\/11\/Valli-2-271x300.jpg 271w\" data-sizes=\"(max-width: 709px) 85vw, (max-width: 909px) 67vw, (max-width: 984px) 61vw, (max-width: 1362px) 45vw, 600px\" src=\"data:image\/svg+xml;base64,PHN2ZyB3aWR0aD0iMSIgaGVpZ2h0PSIxIiB4bWxucz0iaHR0cDovL3d3dy53My5vcmcvMjAwMC9zdmciPjwvc3ZnPg==\" style=\"--smush-placeholder-width: 659px; --smush-placeholder-aspect-ratio: 659\/729;\" \/><\/a><\/p>\n<p>&nbsp;<\/p>\n<p>http:\/\/www.ilgiornale.it\/news\/cronache\/lamico-papa-luciani-potevo-salvarlo-invece-non-lho-fatto-1120833.html<\/p>\n<p>&nbsp;<\/p>\n<p>http:\/\/www.ilgiornale.it\/news\/fine-papa-luciani-giallo-dei-malori-sottovalutati-tutti.html<\/p>\n<p>Piero melograni, Dieci perch\u00e8 sulla Repubblica:<\/p>\n<p><a href=\"https:\/\/www.libertaepersona.org\/wordpress\/wp-content\/uploads\/2017\/11\/melograni.jpg\" rel=\"attachment wp-att-144490\"><img decoding=\"async\" class=\"alignnone size-full wp-image-144490 lazyload\" data-src=\"https:\/\/www.libertaepersona.org\/wordpress\/wp-content\/uploads\/2017\/11\/melograni.jpg\" alt=\"melograni\" width=\"616\" height=\"772\" data-srcset=\"https:\/\/www.libertaepersona.org\/wordpress\/wp-content\/uploads\/2017\/11\/melograni.jpg 616w, https:\/\/www.libertaepersona.org\/wordpress\/wp-content\/uploads\/2017\/11\/melograni-239x300.jpg 239w\" data-sizes=\"(max-width: 709px) 85vw, (max-width: 909px) 67vw, (max-width: 984px) 61vw, (max-width: 1362px) 45vw, 600px\" src=\"data:image\/svg+xml;base64,PHN2ZyB3aWR0aD0iMSIgaGVpZ2h0PSIxIiB4bWxucz0iaHR0cDovL3d3dy53My5vcmcvMjAwMC9zdmciPjwvc3ZnPg==\" style=\"--smush-placeholder-width: 616px; --smush-placeholder-aspect-ratio: 616\/772;\" \/><\/a><\/p>\n","protected":false},"excerpt":{"rendered":"<p>CITTA&#8217; DEL VATICANO &#8211; &#8220;Lei presto sar\u00e0 eletto papa, ma morir\u00e0 dopo pochi giorni la sua ascesa al soglio di Pietro&#8221;. Una predizione tremenda, drammaticamente puntuale, che un anno prima la sua elezione pontificia, il cardinale e patriarca di Venezia Albino Luciani, futuro papa Giovanni Paolo I, sent\u00ec in prima persona dalla bocca di suor &hellip; <a href=\"https:\/\/www.libertaepersona.org\/wordpress\/2017\/11\/144482\/\" class=\"more-link\">Continue reading<span class=\"screen-reader-text\"> &#8220;&#8221;<\/span><\/a><\/p>\n","protected":false},"author":1,"featured_media":180050,"comment_status":"open","ping_status":"open","sticky":false,"template":"","format":"standard","meta":{"rop_custom_images_group":[],"rop_custom_messages_group":[],"rop_publish_now":"initial","rop_publish_now_accounts":[],"rop_publish_now_history":[],"rop_publish_now_status":"pending","footnotes":""},"categories":[1],"tags":[],"class_list":["post-144482","post","type-post","status-publish","format-standard","has-post-thumbnail","hentry","category-senza-categoria"],"_links":{"self":[{"href":"https:\/\/www.libertaepersona.org\/wordpress\/wp-json\/wp\/v2\/posts\/144482","targetHints":{"allow":["GET"]}}],"collection":[{"href":"https:\/\/www.libertaepersona.org\/wordpress\/wp-json\/wp\/v2\/posts"}],"about":[{"href":"https:\/\/www.libertaepersona.org\/wordpress\/wp-json\/wp\/v2\/types\/post"}],"author":[{"embeddable":true,"href":"https:\/\/www.libertaepersona.org\/wordpress\/wp-json\/wp\/v2\/users\/1"}],"replies":[{"embeddable":true,"href":"https:\/\/www.libertaepersona.org\/wordpress\/wp-json\/wp\/v2\/comments?post=144482"}],"version-history":[{"count":0,"href":"https:\/\/www.libertaepersona.org\/wordpress\/wp-json\/wp\/v2\/posts\/144482\/revisions"}],"wp:featuredmedia":[{"embeddable":true,"href":"https:\/\/www.libertaepersona.org\/wordpress\/wp-json\/wp\/v2\/media\/180050"}],"wp:attachment":[{"href":"https:\/\/www.libertaepersona.org\/wordpress\/wp-json\/wp\/v2\/media?parent=144482"}],"wp:term":[{"taxonomy":"category","embeddable":true,"href":"https:\/\/www.libertaepersona.org\/wordpress\/wp-json\/wp\/v2\/categories?post=144482"},{"taxonomy":"post_tag","embeddable":true,"href":"https:\/\/www.libertaepersona.org\/wordpress\/wp-json\/wp\/v2\/tags?post=144482"}],"curies":[{"name":"wp","href":"https:\/\/api.w.org\/{rel}","templated":true}]}}