{"id":140008,"date":"2017-02-19T08:09:02","date_gmt":"2017-02-19T07:09:02","guid":{"rendered":"http:\/\/www.libertaepersona.org\/wordpress\/?p=140008"},"modified":"2017-02-19T08:09:02","modified_gmt":"2017-02-19T07:09:02","slug":"suicidio-lavagna-meluzzi-questo-e-proprio-uno-dei-casi-in-cui-qualcuno-e-morto-di-cannabis","status":"publish","type":"post","link":"https:\/\/www.libertaepersona.org\/wordpress\/2017\/02\/suicidio-lavagna-meluzzi-questo-e-proprio-uno-dei-casi-in-cui-qualcuno-e-morto-di-cannabis\/","title":{"rendered":"Suicidio Lavagna, Meluzzi: &#8220;Questo \u00e8 proprio uno dei casi in cui qualcuno \u00e8 morto di cannabis&#8221;"},"content":{"rendered":"<p><a href=\"https:\/\/www.libertaepersona.org\/wordpress\/wp-content\/uploads\/2017\/02\/Meluzzi.jpg\" rel=\"attachment wp-att-140009\"><img decoding=\"async\" class=\"wp-image-140009 aligncenter lazyload\" data-src=\"https:\/\/www.libertaepersona.org\/wordpress\/wp-content\/uploads\/2017\/02\/Meluzzi.jpg\" alt=\"Meluzzi\" width=\"199\" height=\"199\" data-srcset=\"https:\/\/www.libertaepersona.org\/wordpress\/wp-content\/uploads\/2017\/02\/Meluzzi.jpg 473w, https:\/\/www.libertaepersona.org\/wordpress\/wp-content\/uploads\/2017\/02\/Meluzzi-300x300.jpg 300w, https:\/\/www.libertaepersona.org\/wordpress\/wp-content\/uploads\/2017\/02\/Meluzzi-144x144.jpg 144w\" data-sizes=\"(max-width: 199px) 85vw, 199px\" src=\"data:image\/svg+xml;base64,PHN2ZyB3aWR0aD0iMSIgaGVpZ2h0PSIxIiB4bWxucz0iaHR0cDovL3d3dy53My5vcmcvMjAwMC9zdmciPjwvc3ZnPg==\" style=\"--smush-placeholder-width: 199px; --smush-placeholder-aspect-ratio: 199\/199;\" \/><\/a><\/p>\n<p>di Micaela Del Monte.<\/p>\n<p><em>Meluzzi: \u201cDirei che ce ne sono tanti di morti di cannabis: ci sono quelli che si schiantano con il motorino, quelli che frenano troppo in ritardo, quelli che perdono il contatto con la realt\u00e0 e bevono e si fanno fino a diventare pazzi il sabato sera. Non \u00e8 vero che non \u00e8 mai morto nessuno di cannabis, anzi, ne sono morti in tanti e probabilmente ne moriranno anche qualora questa sostanza diventi legale<\/em><!--more--><\/p>\n<p style=\"text-align: center\">******************<\/p>\n<p>Il caso Lavagna continua a far discutere, cos\u00ec come le parole di\u00a0<strong>Roberto<\/strong>\u00a0<strong>Saviano sul proibizionismo<\/strong>. A rispondere allo scrittore tramite<em>\u00a0IntelligoNews<\/em>, dopo\u00a0<a href=\"http:\/\/www.intelligonews.it\/articoli\/16-febbraio-2017\/56552\/suicidio-per-hashish-lavagna-madre-funerali-guardia-di-finanza-crepet-i-nostri-si-hanno-fallito-antiproibizionisti-iene\"><strong>Paolo Crepet<\/strong><\/a>, \u00e8 anche\u00a0<strong>Alessandro<\/strong>\u00a0<strong>Meluzzi<\/strong>, \u00a0psichiatra, saggista, politico e accademico nonch\u00e9 fondatore della Cooperativa Sociale Agape Madre dell\u00b4Accoglienza\u00a0che sviscera il suicidio del ragazzo di 16 anni dopo la perquisizione della Guardia di Finanza a casa.<\/p>\n<p><strong>Roberto Saviano ha detto che le cose sarebbero andate diversamente se l&#8217;uso della cannabis fosse stato legalizzato, cosa risponde alle sue dichiarazioni antiproibizioniste?<\/strong><\/p>\n<p><em>&#8220;Rispondo che queste sono materie delicate e questioni da prendere caso per caso, non si possono fare dei ragionamenti con i se o con i ma, quindi sfruttare in modo del tutto strumentale e anche sgradevole eticamente un dramma come questo per fare propaganda per la legalizzazione e la liberalizzazione dei derivati della canapa a me pare francamente osceno. Non riesco a trovare un altro aggettivo&#8221;.\u00a0<\/em><\/p>\n<p><strong>Lei come commenta chi in queste ore sta affermando che il ragazzo \u00e8 morto per colpa della chiamata della Guardia di Finanza da parte della madre? Crepet rispetto a certe affermazioni degli anti-proibizionisti ha parlato di iene&#8230;<\/strong><\/p>\n<p><em>&#8220;Non so a che specie appartengano, se sono iene o sciacalli, ma dico che la Guardia di Finanza in questo caso \u00e8 soltanto quello che nella filosofia aristotelica \u00e8 chiamato &#8220;epifenomeno&#8221;. Perch\u00e9 \u00e8 morto questo ragazzo? E&#8217; morto per un cocktail micidiale di tre fattori: il primo \u00e8 l&#8217;ambiente scolastico nel quale si ripete, non soltanto tra gli adolescenti ma anche tra qualche adulto cattivo maestro, che farsi una canna non \u00e8 niente, che le canne non fanno male e che va tutto bene ed \u00e8 tutto legittimo. Il secondo fattore \u00e8 la disperazione di una madre che, avendo tentato in tutti i modi di stabilire un contatto emotivo con il figlio adottato, quindi gi\u00e0 con le sue problematiche e non essendoci riuscita, ricorre a quello che lei stessa definisce un &#8220;grido di dolore&#8221; che viene giustappunto raccolto dal terzo fattore che \u00e8 la Guardia di Finanza che alla fine non pu\u00f2 che fare quello che sa fare, ovvero applicare la legge e farlo anche con tutta la delicatezza del caso. Salvo il fatto che probabilmente, questo non lo sapr\u00e0 mai nessuno, un gesto cos\u00ec terribile e insensato come buttarsi dalla finestra \u00e8 il punto di arrivo di una sofferenza che quasi certamente non \u00e8 stata causata soltanto da una perquisizione, ma da una questione che probabilmente sarebbe dovuta essere curata e attenzionata a partire da una visione un po&#8217; pi\u00f9 complessiva delle cose&#8221;.<\/em><\/p>\n<p><strong>A chi dice che di cannabis non \u00e8 mai morto nessuno, cosa risponde?<\/strong><\/p>\n<p><em>&#8220;Dico che questo \u00e8 proprio uno di quei casi in cui qualcuno \u00e8 morto di cannabis. E&#8217; la dimostrazione del fatto che la cannabis somministrata in modo continuativo soprattutto nel cervello di un adolescente fragile diventa un fattore in grado di amplificare le azioni emotive, di diminuire il controllo degli impulsi, di rendere difficili i rapporti interpersonali in famiglia, di diminuire la velocit\u00e0 di valutazione cognitiva delle cose. E quindi direi che ce ne sono tanti di morti di cannabis: ci sono quelli che si schiantano con il motorino, quelli che frenano troppo in ritardo, quelli che perdono il contatto con la realt\u00e0 e bevono e si fanno fino a diventare pazzi il sabato sera. Non \u00e8 vero che non \u00e8 mai morto nessuno di cannabis, anzi, ne sono morti in tanti e probabilmente ne moriranno anche qualora questa sostanza diventi legale. Questo tra l&#8217;altro ne aumenterebbe inevitabilmente anche il consumo e i dosaggi. Quindi siccome la cannabis \u00e8 considerata un farmaco anti-dolore per i malati terminali, pensare che un ragazzo di quindici anni possa essere considerato un malato terminale a cui si pu\u00f2 dare liberamente la medicina che anestetizza il cervello \u00e8 da criminali&#8221;.<\/em><\/p>\n<p>Fonte: <a href=\"http:\/\/www.intelligonews.it\/articoli\/17-febbraio-2017\/56626\/suicidio-per-cannabis-hashish-lavagna-madre-guardia-di-finanza-psicologo-alessandro-meluzzi\" target=\"_blank\">Intelligo news<\/a><\/p>\n","protected":false},"excerpt":{"rendered":"<p>di Micaela Del Monte. Meluzzi: \u201cDirei che ce ne sono tanti di morti di cannabis: ci sono quelli che si schiantano con il motorino, quelli che frenano troppo in ritardo, quelli che perdono il contatto con la realt\u00e0 e bevono e si fanno fino a diventare pazzi il sabato sera. Non \u00e8 vero che non &hellip; <a href=\"https:\/\/www.libertaepersona.org\/wordpress\/2017\/02\/suicidio-lavagna-meluzzi-questo-e-proprio-uno-dei-casi-in-cui-qualcuno-e-morto-di-cannabis\/\" class=\"more-link\">Continue reading<span class=\"screen-reader-text\"> &#8220;Suicidio Lavagna, Meluzzi: &#8220;Questo \u00e8 proprio uno dei casi in cui qualcuno \u00e8 morto di cannabis&#8221;&#8221;<\/span><\/a><\/p>\n","protected":false},"author":32,"featured_media":180050,"comment_status":"open","ping_status":"open","sticky":false,"template":"","format":"standard","meta":{"rop_custom_images_group":[],"rop_custom_messages_group":[],"rop_publish_now":"initial","rop_publish_now_accounts":[],"rop_publish_now_history":[],"rop_publish_now_status":"pending","footnotes":""},"categories":[153],"tags":[],"class_list":["post-140008","post","type-post","status-publish","format-standard","has-post-thumbnail","hentry","category-news-dalla-rete"],"_links":{"self":[{"href":"https:\/\/www.libertaepersona.org\/wordpress\/wp-json\/wp\/v2\/posts\/140008","targetHints":{"allow":["GET"]}}],"collection":[{"href":"https:\/\/www.libertaepersona.org\/wordpress\/wp-json\/wp\/v2\/posts"}],"about":[{"href":"https:\/\/www.libertaepersona.org\/wordpress\/wp-json\/wp\/v2\/types\/post"}],"author":[{"embeddable":true,"href":"https:\/\/www.libertaepersona.org\/wordpress\/wp-json\/wp\/v2\/users\/32"}],"replies":[{"embeddable":true,"href":"https:\/\/www.libertaepersona.org\/wordpress\/wp-json\/wp\/v2\/comments?post=140008"}],"version-history":[{"count":0,"href":"https:\/\/www.libertaepersona.org\/wordpress\/wp-json\/wp\/v2\/posts\/140008\/revisions"}],"wp:featuredmedia":[{"embeddable":true,"href":"https:\/\/www.libertaepersona.org\/wordpress\/wp-json\/wp\/v2\/media\/180050"}],"wp:attachment":[{"href":"https:\/\/www.libertaepersona.org\/wordpress\/wp-json\/wp\/v2\/media?parent=140008"}],"wp:term":[{"taxonomy":"category","embeddable":true,"href":"https:\/\/www.libertaepersona.org\/wordpress\/wp-json\/wp\/v2\/categories?post=140008"},{"taxonomy":"post_tag","embeddable":true,"href":"https:\/\/www.libertaepersona.org\/wordpress\/wp-json\/wp\/v2\/tags?post=140008"}],"curies":[{"name":"wp","href":"https:\/\/api.w.org\/{rel}","templated":true}]}}