{"id":140005,"date":"2017-02-19T08:04:46","date_gmt":"2017-02-19T07:04:46","guid":{"rendered":"http:\/\/www.libertaepersona.org\/wordpress\/?p=140005"},"modified":"2017-02-19T08:09:45","modified_gmt":"2017-02-19T07:09:45","slug":"parole-o-stili-il-buonismo-ecumenico-del-mega-onvegno-non-ci-convince","status":"publish","type":"post","link":"https:\/\/www.libertaepersona.org\/wordpress\/2017\/02\/parole-o-stili-il-buonismo-ecumenico-del-mega-onvegno-non-ci-convince\/","title":{"rendered":"Parole O-stili. Il buonismo ecumenico del mega-convegno non ci convince"},"content":{"rendered":"<p><a href=\"https:\/\/www.libertaepersona.org\/wordpress\/wp-content\/uploads\/2017\/02\/Laura-Boldrini.jpg\" rel=\"attachment wp-att-140006\"><img decoding=\"async\" class=\"wp-image-140006 aligncenter lazyload\" data-src=\"https:\/\/www.libertaepersona.org\/wordpress\/wp-content\/uploads\/2017\/02\/Laura-Boldrini.jpg\" alt=\"Celebrazione della Giornata del Rifugiato\" width=\"199\" height=\"226\" data-srcset=\"https:\/\/www.libertaepersona.org\/wordpress\/wp-content\/uploads\/2017\/02\/Laura-Boldrini.jpg 529w, https:\/\/www.libertaepersona.org\/wordpress\/wp-content\/uploads\/2017\/02\/Laura-Boldrini-264x300.jpg 264w\" data-sizes=\"(max-width: 199px) 85vw, 199px\" src=\"data:image\/svg+xml;base64,PHN2ZyB3aWR0aD0iMSIgaGVpZ2h0PSIxIiB4bWxucz0iaHR0cDovL3d3dy53My5vcmcvMjAwMC9zdmciPjwvc3ZnPg==\" style=\"--smush-placeholder-width: 199px; --smush-placeholder-aspect-ratio: 199\/226;\" \/><\/a><\/p>\n<p>di Stefano Fontana.<\/p>\n<p><em>Sabato 18 febbraio si \u00e8 tenuto a Trieste un grande convegno sugli stili comunicativi nei media, affinch\u00e9 siano stili non ostili. Presenti anche il Presidente della camera Laura Boldrini e il cantante Gianni Morandi. C\u2019\u00e8 per\u00f2 un aspetto del problema che merita di essere evidenziato. Un aspetto che il convegno non ha messo\u00a0per niente a fuoco: c\u2019\u00e8 anche l\u2019aggressivit\u00e0 delle buone maniere<\/em><!--more--><\/p>\n<p style=\"text-align: center\">***********************<\/p>\n<p><strong>Ieri, sabato 18 febbraio si \u00e8 tenuto a Trieste un grande convegno<\/strong> sugli stili comunicativi nei media, affinch\u00e9 siano stili non ostili. Nessuno vuole la guerra, nemmeno quella fatta con le parole. C\u2019\u00e8 per\u00f2 un aspetto del problema che merita di essere evidenziato. Un aspetto che il convegno non ha messo\u00a0per niente a fuoco. Mi riferisco alla possibilit\u00e0 che dietro il perbenismo, la buona educazione, il linguaggio misurato, il rispetto umano si nasconda l\u2019ossequio ad un galateo fissato da chi ha in mano la regia della nostra societ\u00e0, un avviluppamento nelle buone regole del pensiero unico imperante. Che rimane una forma pervasiva di potere, anche quando si mette il doppiopetto e fa la faccia d\u2019angelo anzich\u00e9 di diavolo.<\/p>\n<p><strong>Un mondo comunicativo alla Fabio Fazio, col sorrisetto, rispettoso<\/strong> delle regole del bon ton, ma feroce verso i dissidenti, scandalizzato da chi non si adegua alle loro verit\u00e0 ed esce brutalmente dai canoni della buona educazione comunicativa chiamando le cose col loro nome. Il pericolo \u00e8 che chiamare le cose col loro nome venga ritenuto aggressivo e violento.\u00a0\u00a0Come \u00e8 capitato per Silvana De Mari che intervistiamo in questo numero.<\/p>\n<p><strong>Un mondo comunicativo alla Giovanna Botteri, apparentemente<\/strong> cos\u00ec di buon senso, cos\u00ec democratico, cos\u00ec innocente e lontano da ogni interesse, cos\u00ec casalingo, ed invece cos\u00ec angelicamente fazioso. C\u2019\u00e8 anche l\u2019aggressivit\u00e0 delle buone maniere.<\/p>\n<p><strong>Il grande intellettuale cattolico francese Jean Guitton ha scritto:<\/strong> \u201cMi sono ripromesso di rispettare le difficolt\u00e0 degli altri e di sopprimere nel mio modo di parlare tutto ci\u00f2 che potesse urtarli \u2026 ma il rispetto dovuto agli altri pu\u00f2 avere l\u2019effetto di scalzare alla radice la ragione stessa del dialogo e di attentare all\u2019essenza della ricerca della verit\u00e0. A forza di mettere tra parentesi ci\u00f2 che ci ostacola in un problema, per non separarci dai nostri compagni, corriamo il rischio di affondare in noi l\u2019essenziale\u201d. Parole sante.<\/p>\n<p><strong>E\u2019 quello che si chiama il \u201crispetto umano\u201d, che sembra una virt\u00f9<\/strong> ed invece \u00e8 una mancanza. Si pone l\u2019accento su come si dicono le cose piuttosto che su cosa si dice, al punto che piano piano si perde di vista il contenuto e si dicono solo le cose che conviene dire o che il sistema ti lascia dire. Chi dice il vero \u00e8 chiamato intollerante. Chi dice che 2+2 fa 4, come scriveva Orwell, viene colpito di ostracismo dal nuovo Ministero della Verit\u00e0.<\/p>\n<p><strong>Etienne Gilson, in un gustoso scritto sul \u201cdialogo\u201d, diceva che nelle mani tese<\/strong>, negli incontri, negli incroci di ogni specie i cattolici si lasceranno docilmente catechizzare e dimenticheranno che Paolo \u201cnon \u00e8 andato tra i greci per dialogare ma per predicare la verit\u00e0 cristiana\u201d.<\/p>\n<p><strong>C\u2019\u00e8 anche una dittatura delle buone maniere. L\u2019ostilit\u00e0 oggi si manifesta<\/strong> anche e soprattutto senza usare parole ostili. Le accuse di populismo non riguardano solo i populisti; le accuse di fondamentalismo non riguardano solo i fondamentalisti, ma sono distribuite con grande dovizia anche nei confronti di chi semplicemente dice come stanno le cose.<\/p>\n<p>Fonte: <a href=\"http:\/\/www.vitanuovatrieste.it\/parole-o-stili-il-buonismo-ecumenico-del-mega-onvegno-non-ci-convince\/\" target=\"_blank\">Vita Nuova Trieste<\/a><\/p>\n","protected":false},"excerpt":{"rendered":"<p>di Stefano Fontana. Sabato 18 febbraio si \u00e8 tenuto a Trieste un grande convegno sugli stili comunicativi nei media, affinch\u00e9 siano stili non ostili. Presenti anche il Presidente della camera Laura Boldrini e il cantante Gianni Morandi. C\u2019\u00e8 per\u00f2 un aspetto del problema che merita di essere evidenziato. Un aspetto che il convegno non ha &hellip; <a href=\"https:\/\/www.libertaepersona.org\/wordpress\/2017\/02\/parole-o-stili-il-buonismo-ecumenico-del-mega-onvegno-non-ci-convince\/\" class=\"more-link\">Continue reading<span class=\"screen-reader-text\"> &#8220;Parole O-stili. Il buonismo ecumenico del mega-convegno non ci convince&#8221;<\/span><\/a><\/p>\n","protected":false},"author":32,"featured_media":180050,"comment_status":"open","ping_status":"open","sticky":false,"template":"","format":"standard","meta":{"rop_custom_images_group":[],"rop_custom_messages_group":[],"rop_publish_now":"initial","rop_publish_now_accounts":[],"rop_publish_now_history":[],"rop_publish_now_status":"pending","footnotes":""},"categories":[153],"tags":[],"class_list":["post-140005","post","type-post","status-publish","format-standard","has-post-thumbnail","hentry","category-news-dalla-rete"],"_links":{"self":[{"href":"https:\/\/www.libertaepersona.org\/wordpress\/wp-json\/wp\/v2\/posts\/140005","targetHints":{"allow":["GET"]}}],"collection":[{"href":"https:\/\/www.libertaepersona.org\/wordpress\/wp-json\/wp\/v2\/posts"}],"about":[{"href":"https:\/\/www.libertaepersona.org\/wordpress\/wp-json\/wp\/v2\/types\/post"}],"author":[{"embeddable":true,"href":"https:\/\/www.libertaepersona.org\/wordpress\/wp-json\/wp\/v2\/users\/32"}],"replies":[{"embeddable":true,"href":"https:\/\/www.libertaepersona.org\/wordpress\/wp-json\/wp\/v2\/comments?post=140005"}],"version-history":[{"count":0,"href":"https:\/\/www.libertaepersona.org\/wordpress\/wp-json\/wp\/v2\/posts\/140005\/revisions"}],"wp:featuredmedia":[{"embeddable":true,"href":"https:\/\/www.libertaepersona.org\/wordpress\/wp-json\/wp\/v2\/media\/180050"}],"wp:attachment":[{"href":"https:\/\/www.libertaepersona.org\/wordpress\/wp-json\/wp\/v2\/media?parent=140005"}],"wp:term":[{"taxonomy":"category","embeddable":true,"href":"https:\/\/www.libertaepersona.org\/wordpress\/wp-json\/wp\/v2\/categories?post=140005"},{"taxonomy":"post_tag","embeddable":true,"href":"https:\/\/www.libertaepersona.org\/wordpress\/wp-json\/wp\/v2\/tags?post=140005"}],"curies":[{"name":"wp","href":"https:\/\/api.w.org\/{rel}","templated":true}]}}