{"id":139954,"date":"2017-02-18T07:54:03","date_gmt":"2017-02-18T06:54:03","guid":{"rendered":"http:\/\/www.libertaepersona.org\/wordpress\/?p=139954"},"modified":"2017-02-18T07:54:03","modified_gmt":"2017-02-18T06:54:03","slug":"vivi-e-contenti-di-esserlo-alla-camera-conferenza-stampa-sul-testamento-biologico","status":"publish","type":"post","link":"https:\/\/www.libertaepersona.org\/wordpress\/2017\/02\/vivi-e-contenti-di-esserlo-alla-camera-conferenza-stampa-sul-testamento-biologico\/","title":{"rendered":"Vivi e contenti di esserlo: alla Camera conferenza stampa sul testamento biologico"},"content":{"rendered":"<p><a href=\"https:\/\/www.libertaepersona.org\/wordpress\/wp-content\/uploads\/2017\/02\/Tresoldi-Menard.jpg\" rel=\"attachment wp-att-139955\"><img decoding=\"async\" class=\"wp-image-139955 aligncenter lazyload\" data-src=\"https:\/\/www.libertaepersona.org\/wordpress\/wp-content\/uploads\/2017\/02\/Tresoldi-Menard.jpg\" alt=\"Tresoldi - Menard\" width=\"217\" height=\"131\" src=\"data:image\/svg+xml;base64,PHN2ZyB3aWR0aD0iMSIgaGVpZ2h0PSIxIiB4bWxucz0iaHR0cDovL3d3dy53My5vcmcvMjAwMC9zdmciPjwvc3ZnPg==\" style=\"--smush-placeholder-width: 217px; --smush-placeholder-aspect-ratio: 217\/131;\" \/><\/a><\/p>\n<p>di Raffaella Cantone.<\/p>\n<p><em>&#8220;Non esiste alcuna malattia che non ci rende degni\u00a0di vivere&#8221;. A dire queste parole \u00e8\u00a0Sylvie Menard, ricercatrice oncologica ed ex allieva del professor Umberto Veronesi, durante la conferenza stampa che si \u00e8 tenuta gioved\u00ec alla Camera dei Deputati sul testamento biologico<\/em><!--more--><\/p>\n<p style=\"text-align: center\">*********************<\/p>\n<p><strong>\u201cDal testamento biologico vorrei che venisse tolta la parola dignit\u00e0<\/strong> perch\u00e9 non esiste alcuna malattia indegna da vivere\u201d. A dire queste parole \u00e8\u00a0<strong>Sylvie Menard<\/strong>, ricercatrice oncologica ed ex allieva del professor Umberto Veronesi, durante la conferenza stampa che si \u00e8 tenuta oggi alla Camera dei Deputati sul testamento biologico, in vista dell\u2019imminente discussione in Aula del provvedimento. Protagoniste le persone che si sono risvegliate da condizioni gravissime affrontando la malattia e le cure con la gioia di vivere.<\/p>\n<p><strong>Racconta Sylvie, che era favorevole all\u2019eutanasia: &#8220;Ho lavorato 45<\/strong> anni con il professor Umberto Veronesi poi mi sono ammalata di cancro. Io, ricercatrice, ho rifiutato le terapie perch\u00e9 preferivo morire subito. Ma avevo dimenticato l&#8217;importanza del parametro tempo: dopo un po&#8217; ho capito che vivere pi\u00f9 tempo \u00e8 invece importante e ho cambiato idea. Ho ripreso le terapie e cos\u00ec ho avuto il tempo per poter vedere nascere i miei nipoti&#8221;.<\/p>\n<p><strong>\u201cIl testamento biologico &#8211; continua la ricercatrice &#8211; fatto da sano<\/strong> non ha senso perch\u00e9 nessuno pu\u00f2 prevedere come si reagisce ad una malattia e io ne sono l\u2019esperienza vivente: mai avrei creduto di essere pronta a vivere il dolore e a sottopormi a certe cure eppure \u00e8 vita anche questa e anche la vita da malato terminale \u00e8 un\u2019esperienza\u201d.<\/p>\n<p><strong>Insieme a lei\u00a0Massimiliano Tresoldi. Nel 1991 ha un grave incidente<\/strong> d&#8217;auto e piomba in uno stato di coma per dieci anni. Un lunghissimo tunnel dal quale Max per\u00f2 \u00e8 uscito. Oggi \u00e8 su una sedia a rotelle ma capisce e reagisce. Stringe il braccio attorno alla spalla della madre e poi, dopo che lei ha finito di raccontare il calvario della malattia e la gioia della \u201crinascita\u201d, alza il pollice per dire \u201cOk\u201d.<\/p>\n<p><strong>Max era in stato vegetativo. Era stato dato per spacciato<\/strong> dai medici, racconta mamma Lucrezia: &#8220;Dopo 8 mesi di ospedale, a Milano, abbiamo deciso di portarlo a casa. Non mi sono mai data per vinta &#8211; afferma la mamma &#8211; ho sempre creduto che Max ci fosse, che fosse con noi. Abbiamo formato una squadra e anche i suoi tanti amici mi hanno aiutata\u201d.<\/p>\n<p><strong>Il 28 dicembre del 2000, la fine del tunnel: &#8220;Come tutte le sere<\/strong>, metto a letto Max. Senti, gli dico, se vuoi pregare, fallo da solo il segno della croce. Io non ce la faccio pi\u00f9. In quel momento, Max ha alzato la mano, ha fatto da solo il segno della croce e poi ha teso le braccia per abbracciarmi&#8221;. Oggi comunica con l&#8217;alfabeto dei segni imparato da piccolo. Ha iniziato a parlare e riesce a scrivere con un aiuto. Nel 2012 Lucrezia ha scritto un libro sulla storia di suo figlio: \u201cE adesso vado al Max!\u201d In una pagina, il messaggio di vita che Max ha scritto di suo pugno: &#8220;Non ho mai pensato di morire nemmeno quando ero in ospedale. Mi auguro che anche chi non ha avuto l&#8217;esperienza del coma, come me, possa essere contento come lo sono io ora&#8221;. Lui che da ragazzo, sano, aveva confidato alla sorella che non sarebbe mai riuscito a vivere su una sedia a rotelle.<\/p>\n<p><strong>Una testimonianza, quella di Max e dei suoi genitori,<\/strong> per dire \u201cno\u201d all&#8217;attuale testo sul\u00a0<strong>testamento biologico<\/strong>\u00a0perch\u00e9, affermano pazienti e familiari, se si fosse staccata la spina o se si fossero interrotte nutrizione e idratazione artificiale, &#8220;oggi Max e tanti altri non sarebbero qui&#8221;. Vivi e contenti di esserlo.<\/p>\n<p><strong>Come Massimiliano anche Sara Virgilio e Roberto Panella<\/strong> sono stati in coma per vari mesi a seguito di incidenti stradali, ed entrambi ne sono usciti. Oggi hanno raccontato la loro storia. &#8220;Ero in coma ma sentivo i medici dire che non c&#8217;erano speranze &#8211; racconta Sara &#8211; e avrei voluto gridare &#8216;voglio esserci&#8217;. Se allora avessero staccato le macchine, oggi non ci sarei. E invece oggi sono viva, ho due lauree e sono felice&#8221;.<\/p>\n<p>Fonte: <a href=\"https:\/\/www.loccidentale.it\/articoli\/144617\/vivi-e-contenti-di-esserlo-alla-camera-conferenza-stampa-sul-testamento-biologico\" target=\"_blank\">L\u2019Occidentale<\/a><\/p>\n","protected":false},"excerpt":{"rendered":"<p>di Raffaella Cantone. &#8220;Non esiste alcuna malattia che non ci rende degni\u00a0di vivere&#8221;. A dire queste parole \u00e8\u00a0Sylvie Menard, ricercatrice oncologica ed ex allieva del professor Umberto Veronesi, durante la conferenza stampa che si \u00e8 tenuta gioved\u00ec alla Camera dei Deputati sul testamento biologico<\/p>\n","protected":false},"author":32,"featured_media":180050,"comment_status":"open","ping_status":"open","sticky":false,"template":"","format":"standard","meta":{"rop_custom_images_group":[],"rop_custom_messages_group":[],"rop_publish_now":"initial","rop_publish_now_accounts":[],"rop_publish_now_history":[],"rop_publish_now_status":"pending","footnotes":""},"categories":[153],"tags":[],"class_list":["post-139954","post","type-post","status-publish","format-standard","has-post-thumbnail","hentry","category-news-dalla-rete"],"_links":{"self":[{"href":"https:\/\/www.libertaepersona.org\/wordpress\/wp-json\/wp\/v2\/posts\/139954","targetHints":{"allow":["GET"]}}],"collection":[{"href":"https:\/\/www.libertaepersona.org\/wordpress\/wp-json\/wp\/v2\/posts"}],"about":[{"href":"https:\/\/www.libertaepersona.org\/wordpress\/wp-json\/wp\/v2\/types\/post"}],"author":[{"embeddable":true,"href":"https:\/\/www.libertaepersona.org\/wordpress\/wp-json\/wp\/v2\/users\/32"}],"replies":[{"embeddable":true,"href":"https:\/\/www.libertaepersona.org\/wordpress\/wp-json\/wp\/v2\/comments?post=139954"}],"version-history":[{"count":0,"href":"https:\/\/www.libertaepersona.org\/wordpress\/wp-json\/wp\/v2\/posts\/139954\/revisions"}],"wp:featuredmedia":[{"embeddable":true,"href":"https:\/\/www.libertaepersona.org\/wordpress\/wp-json\/wp\/v2\/media\/180050"}],"wp:attachment":[{"href":"https:\/\/www.libertaepersona.org\/wordpress\/wp-json\/wp\/v2\/media?parent=139954"}],"wp:term":[{"taxonomy":"category","embeddable":true,"href":"https:\/\/www.libertaepersona.org\/wordpress\/wp-json\/wp\/v2\/categories?post=139954"},{"taxonomy":"post_tag","embeddable":true,"href":"https:\/\/www.libertaepersona.org\/wordpress\/wp-json\/wp\/v2\/tags?post=139954"}],"curies":[{"name":"wp","href":"https:\/\/api.w.org\/{rel}","templated":true}]}}