{"id":132506,"date":"2015-10-04T21:27:16","date_gmt":"2015-10-04T20:27:16","guid":{"rendered":"http:\/\/www.libertaepersona.org\/wordpress\/?p=132506"},"modified":"2015-10-04T21:27:16","modified_gmt":"2015-10-04T20:27:16","slug":"il-vangelo-della-famiglia-2","status":"publish","type":"post","link":"https:\/\/www.libertaepersona.org\/wordpress\/2015\/10\/il-vangelo-della-famiglia-2\/","title":{"rendered":"IL VANGELO DELLA FAMIGLIA 2"},"content":{"rendered":"<p style=\"text-align: right;\">Conversazioni intorno al fuoco: Incontri<\/p>\n<p><img decoding=\"async\" class=\"wp-image-132344 aligncenter lazyload\" data-src=\"https:\/\/www.libertaepersona.org\/wordpress\/wp-content\/uploads\/2015\/09\/DSC005481-300x225.jpg\" alt=\"DSC00548\" width=\"461\" height=\"346\" data-srcset=\"https:\/\/www.libertaepersona.org\/wordpress\/wp-content\/uploads\/2015\/09\/DSC005481-300x225.jpg 300w, https:\/\/www.libertaepersona.org\/wordpress\/wp-content\/uploads\/2015\/09\/DSC005481-1024x768.jpg 1024w\" data-sizes=\"(max-width: 461px) 85vw, 461px\" src=\"data:image\/svg+xml;base64,PHN2ZyB3aWR0aD0iMSIgaGVpZ2h0PSIxIiB4bWxucz0iaHR0cDovL3d3dy53My5vcmcvMjAwMC9zdmciPjwvc3ZnPg==\" style=\"--smush-placeholder-width: 461px; --smush-placeholder-aspect-ratio: 461\/346;\" \/><\/p>\n<p>&nbsp;<\/p>\n<p><strong>Cosa \u00e8 giusto?, cosa \u00e8 vero, cosa \u00e8 bello, cosa \u00e8 bene?<\/strong><\/p>\n<p>Cosa \u00e8 giusto?, cosa \u00e8 vero, cosa \u00e8 bello, cosa \u00e8 bene? Come deve essere un matrimonio? Quali sono le conseguenze di una separazione e di un divorzio? Ci siano lasciati la scorsa volta con queste domande.\u00a0E in questi giorni, immancabilmente, il Papa, nel suo viaggio in America, si \u00e8 soffermato su questi temi, specialmente al Convegno Mondiale delle Famiglie, ma anche nella conferenza stampa di ritorno.<\/p>\n<p>\u00abSulla famiglia si gioca il futuro!\u00bb, dice il Santo Padre, che ama definirsi, nuovamente, Servo dei Servi e non Star, star, che passano come tutte le stelle del mondo.<\/p>\n<p>Perch\u00e9 il Papa \u00e8 cos\u00ec ben voluto dalla gente? Ma non solo Papa Francesco, come alcuni pensano, -e non solo i media-, ma tutti i Papi, <em>pre<\/em> e <em>post<\/em> Vaticano II? Perch\u00e9 chi crede, o desidera credere e non essere una star, sente nel Papa \u00a0il calore della trasmissione della <em>fedelt\u00e0 alla fede<\/em>.<\/p>\n<p>Sentiamo dire, e leggiamo, frasi suggestive come \u00abprima la persona e poi la dottrina\u00bb, dimenticando che la dottrina non \u00e8 altro che la dichiarazione della Parola.<\/p>\n<p>Il Papa porta la Parola, nella dottrina, dove altri\u00a0non la portano.\u00a0Papa Giovanni fu definito<!--more--><\/p>\n<p> il Parroco del mondo perch\u00e9 trattava la gente con particolare vicinanza. I Papi successivi lo sono dovuti essere perch\u00e9, a volte, proprio le famiglie non trovano pi\u00f9 i parroci. Anche qui non bisogna generalizzare, ma accade.<\/p>\n<p>Non trovano i parroci non solo fisicamente, sempre presi, ma non li trovano nell\u2019 ascolto e soprattutto nella certezza della verit\u00e0 della Chiesa. Troppe interpretazioni personali della Verit\u00e0. E con quale scopo? I fedeli si chiedono questo.<\/p>\n<p>&nbsp;<\/p>\n<p><strong>Il Papa si fa serio<\/strong><\/p>\n<p>Il Santo Padre, molte volte, bench\u00e9 per lo pi\u00f9 sorridente, benevolo, si fa serio, quasi si rabbuia. Sembra soffrire atteggiamenti ed espressioni che non sono secondo verit\u00e0.<\/p>\n<p>&nbsp;<\/p>\n<p><img decoding=\"async\" class=\"aligncenter lazyload\" data-src=\"https:\/\/www.libertaepersona.org\/wordpress\/wp-content\/uploads\/2015\/10\/Papa-serio1.jpg\" alt=\"\" src=\"data:image\/svg+xml;base64,PHN2ZyB3aWR0aD0iMSIgaGVpZ2h0PSIxIiB4bWxucz0iaHR0cDovL3d3dy53My5vcmcvMjAwMC9zdmciPjwvc3ZnPg==\" \/><\/p>\n<p>&nbsp;<\/p>\n<p>\u00c8 una persona genuina, che non si nasconde e gioca il tutto per tutto. Guardiamo come ha affrontato il tema della famiglia promuovendo il Sinodo straordinario.<\/p>\n<p>In quanti si sono sbracciati per farsi sentire dalla stampa e creare i loro gruppi di influenza.<\/p>\n<p>Il Santo Padre aveva chiamato il Sig. Cardinal Kasper per aprire la riflessione, per svolgere un servizio. Poi il testo del suo studio ha cominciato a girare e il Signor Cardinal Kasper ne ha giustificato la pubblicazione perch\u00e9, a quel punto, diceva, gli sembrava giusto che fosse conosciuto nella sua interezza. Solo che cos\u00ec, da lavoro introduttivo alla riflessione dei Padri Sinodali, \u00e8 divenuto una sorta di Libretto di Mao da sventolare contro la Dottrina e la Pastorale della Chiesa.<\/p>\n<p>Non voglio discutere le intenzioni del Sig. Cardinale, che ho potuto apprezzare in diversi suoi studi, anche quello sulla Misericordia, ma ci\u00f2 che poi \u00e8 successo \u00e8 stato un susseguirsi di prese di posizioni che non erano pi\u00f9, a livello di dialogo, ma di scontro di tendenze, amplificato ad arte da chi non ama la Chiesa. S\u00ec, perch\u00e9 c\u2019\u00e8 chi non ama la Chiesa, ma ama \u2013lo dico apertamente- il pettegolezzo, la maldicenza, la malevolenza \u2026 il Diavolo! Non dobbiamo dare modo di guastare la comunione nella Chiesa.<\/p>\n<p>Molti fedeli si sono sentiti incerti. Il Santo Padre ha dovuto ribadire che tra i Pastori non c\u2019\u00e8 divisione e di aver fede nell\u2019assistenza dello Spirito Santo.<\/p>\n<p>Ecco, Egli cerca di riportare la calma. Come a dire: \u00abTaci!\u00bb alle acque del mare di Galilea in tempesta! Sappiamo che quelle acque in tempesta sono simbolo dell\u2019azione del Maligno. Ma sulla barca, come a Tiberiade c\u2019era Ges\u00f9, ora c\u2019\u00e8 Pietro, che dice \u00abTaci!\u00bb, c\u2019\u00e8 lo Spirito Santo!<\/p>\n<p>&nbsp;<\/p>\n<p><img decoding=\"async\" class=\"aligncenter lazyload\" data-src=\"https:\/\/www.libertaepersona.org\/wordpress\/wp-content\/uploads\/2015\/10\/l-abbraccio-di-una-bambina-per-il-pontefice-800x540.jpg\" alt=\"\" width=\"545\" height=\"363\" src=\"data:image\/svg+xml;base64,PHN2ZyB3aWR0aD0iMSIgaGVpZ2h0PSIxIiB4bWxucz0iaHR0cDovL3d3dy53My5vcmcvMjAwMC9zdmciPjwvc3ZnPg==\" style=\"--smush-placeholder-width: 545px; --smush-placeholder-aspect-ratio: 545\/363;\" \/><\/p>\n<p>&nbsp;<\/p>\n<p>Non si tratta di non rendere partecipe la Chiesa e gli uomini di buona volont\u00e0 del dialogo tra i Pastori, ma di dialogare come il Papa aveva chiesto. Per esempio, prima del Sinodo Straordinario, e prima di quello che oggi si aprir\u00e0, il Sinodo Ordinario, il Papa ha voluto che nelle parrocchie e in tutti gli ambiti ecclesiali, che si occupano della famiglia, ci si incontrasse per pregare e dialogare cos\u00ec da inviare a Roma il risultato delle proprie riflessioni ed ascoltare tutti e non solo chi fa la voce pi\u00f9 grossa. E cos\u00ec \u00e8 stato: i contributi sono giunti a Roma.<\/p>\n<p>Il Papa ha gi\u00e0 la risposta e si capisce dalle sue parole, anche della conferenza stampa del viaggio di rientro dall\u2019America: <em>Sarebbe troppo facile risolvere i problemi della famiglia dando la comunione!<\/em><\/p>\n<p>Il Sinodo ha davanti a s\u00e9 tempo e grazia per le opportune e sue libere decisioni. Sono certo che ne verr\u00e0 un gran dono per la Chiesa, per gli uomini, per il mondo, chiamato a riscoprirsi creato, in relazione con Dio. Lasciamo tempo ai Pastori. Non trasformiamo il Santo Sinodo in un romanzo in diretta!!! Alla fine spegneremmo la televisione &#8230; e la nostra vita non &#8220;di&#8221;, ma &#8220;da&#8221; cristiani?<\/p>\n<p>&nbsp;<\/p>\n<p><strong>Senso del \u201cdigiuno\u201d eucaristico\u00a0\u00a0\u00a0\u00a0\u00a0 <\/strong><\/p>\n<p>Il Papa, con i suoi interventi, mi riporta ai bellissimi dialoghi che nei nostri gruppi diocesani, per persone separate\/divorziate\/risposate, facciamo e facciamo ordinariamente\u00a0 sulla difficolt\u00e0 di vivere il matrimonio nella fedelt\u00e0 al Vangelo e non solo in situazioni straordinarie come questa della separazione.<\/p>\n<p>Che grande consapevolezza tra i membri di questi nostri gruppi diocesani, che da tanti anni mettono in pratica la richiesta della Chiesa di accompagnare le coppie in difficolt\u00e0, i separati, nel cammino di fede!<\/p>\n<p>Qui, affiancati da coppie e da persone che hanno gi\u00e0 vissuto il percorso, i separati e divorziati si sentono accolti. Coloro che non possono ricevere il SS. Corpo, Sangue, Anima e Divinit\u00e0 di Ges\u00f9 il Cristo, cio\u00e8 il Signore, sentono crescere il desiderio di ricevere il Signore, e come!, e lo avvertono proprio in questa sincera rinuncia, nel digiuno! Stanno crescendo nella fede.<\/p>\n<p>Stanno cambiando e scoprendo perch\u00e9 nella loro vita \u00e8 accaduta la sciagura della distruzione del loro matrimonio. Imparano a distinguere la loro volont\u00e0 dalla volont\u00e0 di Dio, che la Chiesa ripresenta con spirito di servizio.<\/p>\n<p>Quante volte ho sentito pronunciare questa accorata frase:\u00a0\u00abPerch\u00e9 mi \u00e8 successo questo?\u00bb, quante volte!!, e poi, dopo anni, le stesse persone dicevano e dicono \u00a0\u00abSe non mi fosse capitato questo grande dolore della separazione, per il quale ancora soffro, non avrei riscoperto la fede!\u00bb. Questo detto non solo da persone che da anni non frequentavano la Comunit\u00e0, ma anche da persone che la frequentavano con assiduit\u00e0, ma che si sono accorte che non erano ancora convertite. Io da queste persone imparo! Imparo che la mia fede \u00e8 debole.<\/p>\n<p>Proprio il digiuno eucaristico li ha fatti crescere ed operare scelte di fede. Anche tra coloro che frequentano questi nostri gruppi, diversi, -non la maggioranza-, desidererebbero ricevere la Santa Comunione, pur essendo in una situazione irregolare, ma sono consapevoli che non \u00e8 possibile, non per una durezza di cuore della Chiesa, ma perch\u00e9 devono operare le necessarie scelte di fede: compiere un percorso di conversione a Dio, che li disponga nelle giuste disposizioni di grazia.<\/p>\n<p>Essi prendono seriamente la Parola del Santo Vangelo\u00a0 e non pretendono. Sanno attendere Colui che amano in cuor loro. Sanno che Ges\u00f9 dice: \u00abChi vuol venire dietro a me, prenda la sua croce ogni giorno e mi segua\u00bb. Nessuno \u00e8 obbligato, ma la porta \u00e8 aperta a tutti. Questo \u00e8 importante: queste persone in cammino di conversione non pretendono!<\/p>\n<p><strong>La Comunione punto di arrivo per ripartire<\/strong><\/p>\n<p>Chi, invece, pretende? Chi prima di percorrere un cammino di conversione, da operarsi con discernimento, pensa a tutti i costi a non sentirsi diverso. In realt\u00e0 non ci si sente diversi non perch\u00e9 si riceve il Corpo di Cristo, ma perch\u00e9 ci si sente accolti. Qui occorre puntare!<\/p>\n<p>&nbsp;<\/p>\n<p><img decoding=\"async\" class=\"aligncenter lazyload\" data-src=\"https:\/\/www.libertaepersona.org\/wordpress\/wp-content\/uploads\/2015\/10\/Papa-eucaristia.jpg\" alt=\"\" width=\"560\" height=\"365\" src=\"data:image\/svg+xml;base64,PHN2ZyB3aWR0aD0iMSIgaGVpZ2h0PSIxIiB4bWxucz0iaHR0cDovL3d3dy53My5vcmcvMjAwMC9zdmciPjwvc3ZnPg==\" style=\"--smush-placeholder-width: 560px; --smush-placeholder-aspect-ratio: 560\/365;\" \/><\/p>\n<p>&nbsp;<\/p>\n<p>Pretende chi si preoccupa di cambiare le regole della Chiesa quando \u201cle regole\u201d di accoglienza dalla Chiesa sono da tempo state indicate, ma in molte parti non sono state ancora ben attuate.<\/p>\n<p>Da quanti anni la Chiesa Universale, e la Chiesa nelle singole nazioni, infatti, invita le comunit\u00e0 ad accompagnare nei cammini di fede le persone separate?<\/p>\n<p>Quando fu preparato il <em>Direttorio per la pastorale familiare<\/em> in Italia? Nel 1993, accogliendo testi ben precedenti. E gli insegnamenti di San Giovanni Paolo II?<\/p>\n<p>Eppure troppo spesso i testi sono rimasti lettera morta.<\/p>\n<p>Affannarsi per la comunione a tutti i costi, pur restando in situazioni di peccato, da un lato equivarrebbe ad invogliare i fedeli, che chiedono aiuto, al sacrilegio, anzich\u00e9 alla conversione. Dall\u2019altro lato, si rischierebbe la superficialit\u00e0. Quel che \u00e8 peggio, <em>una simile pastorale assolverebbe dal peccato di omissione le comunit\u00e0 parrocchiali quando fossero\u00a0indifferenti a chi vive il dramma della separazione<\/em>. Non si vede, poi, come delle comunit\u00e0, ancora oggi impreparate all\u2019 accoglienza dei separati, si saprebbero incamminare su percorsi seri di discernimento.<\/p>\n<p>&nbsp;<\/p>\n<p><img decoding=\"async\" class=\"aligncenter lazyload\" data-src=\"https:\/\/www.libertaepersona.org\/wordpress\/wp-content\/uploads\/2015\/10\/Papa-e-coppia.jpg\" alt=\"\" width=\"462\" height=\"641\" src=\"data:image\/svg+xml;base64,PHN2ZyB3aWR0aD0iMSIgaGVpZ2h0PSIxIiB4bWxucz0iaHR0cDovL3d3dy53My5vcmcvMjAwMC9zdmciPjwvc3ZnPg==\" style=\"--smush-placeholder-width: 462px; --smush-placeholder-aspect-ratio: 462\/641;\" \/><\/p>\n<p>&nbsp;<\/p>\n<p>La Comunione non \u00e8 il punto di partenza, ma di arrivo e alle condizioni cui tutti i cristiani sono tenuti: laici, sacerdoti, religiosi: essendo in grazia di Dio.<\/p>\n<p>Dico parole pesanti, ma dopo anni che vivo fianco a fianco delle persone separate, pregando, condividendo, adorando l\u2019eucaristia insieme, avendo a cuore proprio la loro situazione e imparando da loro fede e pazienza.<\/p>\n<p>Posso esprimermi cos\u00ec, sapendo non di giudicare, ma di informare di cosa avviene tra persone separate, che camminano seriamente.<\/p>\n<p>I cammini penitenziali seri gi\u00e0 esistono. Ci sono cammini anche per persone separate, che si trovano per sostenersi al meglio per mantenere la fedelt\u00e0 al sacramento del matrimonio, avendone colto la grandezza. Essi sanno che talune situazioni sono di chiaro adulterio. Sanno distinguere tra amore e peccato, rivestito di amore del mondo, dove tutto \u00e8 lecito, anche scandalizzare i propri figli con unioni nate non dalla misericordia, ma dall\u2019attaccamento alle proprie passioni o\u00a0da eccessiva indulgenza verso s\u00e9 stessi, o non conoscenza della volont\u00e0 di Dio per l\u2019uomo!<\/p>\n<p><strong>\u00a0<\/strong><\/p>\n<p><strong>Perseverando nella fedelt\u00e0 al Signore<\/strong><\/p>\n<p>Essi non cercano una misericordia a senso unico, verso di loro. Vogliono imparare ad usare misericordia verso il consorte o la consorte lasciato\/a, pur essendo questo difficile.<\/p>\n<p>Durante le riunioni in cui dialogavamo sui questionari, in previsione del Sinodo, mi sono permesso di sottolineare, con delicatezza, certo, che sovente molte persone nei nostri gruppi chiamano il suo\/sua \u201cex\u201d, indicandolo\/a come \u201clei\/lui\u201d e non\u00a0come \u201cmio marito, mia moglie\u201d oppure per nome.<\/p>\n<p>Se non riusciamo a chiamare per nome, dissi, allora non abbiamo perdonato. Allora non possiamo chiedere misericordia, perdono, nemmeno per noi. Con la misura con la quale giudichiamo saremo giudicati. Nella misura in cui perdoniamo saremo perdonati, ma addirittura da Dio. Allora qualcuno ha cercato di cominciare a chiamare per nome il proprio\/a \u201cex\u201d. Questo \u00e8 un passo se lo si fa con il cuore, naturalmente, non per formalit\u00e0. \u00c8 difficile,ma si pu\u00f2 fare. C\u2019\u00e8 chi lo fa.<\/p>\n<p>&nbsp;<\/p>\n<p><img decoding=\"async\" class=\"aligncenter lazyload\" data-src=\"https:\/\/www.libertaepersona.org\/wordpress\/wp-content\/uploads\/2015\/10\/Papa-e-adorazione.jpg\" alt=\"\" width=\"466\" height=\"648\" src=\"data:image\/svg+xml;base64,PHN2ZyB3aWR0aD0iMSIgaGVpZ2h0PSIxIiB4bWxucz0iaHR0cDovL3d3dy53My5vcmcvMjAwMC9zdmciPjwvc3ZnPg==\" style=\"--smush-placeholder-width: 466px; --smush-placeholder-aspect-ratio: 466\/648;\" \/><\/p>\n<p>&nbsp;<\/p>\n<p>Certo, il Papa sa che molti matrimoni sono di fatto nulli, ma anche qui Egli non propone soluzioni \u201cfacili,, che non hanno niente di cristiano! Occorre muoversi sapendo che bisogna verificare bene le situazioni e, insieme a chi ne ha le competenze, Egli sta studiando i modi per risolvere questo problema. Ma poi, poi resta il faticoso cammino di costruire relazioni di coppia che siano risposta al <em>matrimonio come vocazione<\/em>.<\/p>\n<p>&nbsp;<\/p>\n<p><strong>Maria stella della speranza<\/strong><\/p>\n<p>Il Papa ribadisce che non si tratta di <em>divorzio cattolico<\/em>. Il divorzio cattolico \u2013 dice &#8211; non esiste! Il divorzio nasconde i problemi depennandoli dalla carta, ma i problemi, invece, nella vita delle persone restano e soprattutto il rischio di vivere costantemente nel peccato. E allora qui occorrono parole di consolazione, persone che consolino e incoraggino alla conversione.<\/p>\n<p>&nbsp;<\/p>\n<p><img decoding=\"async\" class=\"aligncenter lazyload\" data-src=\"https:\/\/www.libertaepersona.org\/wordpress\/wp-content\/uploads\/2015\/10\/Papa-e-speranza.jpg\" alt=\"\" src=\"data:image\/svg+xml;base64,PHN2ZyB3aWR0aD0iMSIgaGVpZ2h0PSIxIiB4bWxucz0iaHR0cDovL3d3dy53My5vcmcvMjAwMC9zdmciPjwvc3ZnPg==\" \/><\/p>\n<p>&nbsp;<\/p>\n<p>Se per qualcuno il peccato non esiste, va bene; si accomodi davanti al trono di Dio e glielo spieghi. Gi\u00e0 il Papa Emerito Benedetto XVI scriveva che vi sono teologi, che sanno dimostrare che un testo dice esattamente il contrario di quanto vi \u00e8 scritto. E cosa vorremmo? Vorremmo che nella Chiesa non ci fossero le star? Che non ci fossero coloro che <em>si fanno prendere dal prurito del vento di nuove dottrine<\/em>? Impossibile che non ce ne siano. Ma il Papa guarda con speranza verso il futuro. La sua speranza \u00e8 fondata sulla verit\u00e0 e dipinge sul suo volto, nonostante tutto, serenit\u00e0, anche se Egli sa di camminare in una valle di lacrime, ma con accanto Maria, la Madre di Dio, Sposa fedele.<\/p>\n<p>&nbsp;<\/p>\n<p>&nbsp;<\/p>\n","protected":false},"excerpt":{"rendered":"<p>Conversazioni intorno al fuoco: Incontri &nbsp; Cosa \u00e8 giusto?, cosa \u00e8 vero, cosa \u00e8 bello, cosa \u00e8 bene? Cosa \u00e8 giusto?, cosa \u00e8 vero, cosa \u00e8 bello, cosa \u00e8 bene? Come deve essere un matrimonio? Quali sono le conseguenze di una separazione e di un divorzio? Ci siano lasciati la scorsa volta con queste domande.\u00a0E &hellip; <a href=\"https:\/\/www.libertaepersona.org\/wordpress\/2015\/10\/il-vangelo-della-famiglia-2\/\" class=\"more-link\">Continue reading<span class=\"screen-reader-text\"> &#8220;IL VANGELO DELLA FAMIGLIA 2&#8221;<\/span><\/a><\/p>\n","protected":false},"author":87,"featured_media":180050,"comment_status":"open","ping_status":"open","sticky":false,"template":"","format":"standard","meta":{"rop_custom_images_group":[],"rop_custom_messages_group":[],"rop_publish_now":"initial","rop_publish_now_accounts":[],"rop_publish_now_history":[],"rop_publish_now_status":"pending","footnotes":""},"categories":[101],"tags":[],"class_list":["post-132506","post","type-post","status-publish","format-standard","has-post-thumbnail","hentry","category-chiesa"],"_links":{"self":[{"href":"https:\/\/www.libertaepersona.org\/wordpress\/wp-json\/wp\/v2\/posts\/132506","targetHints":{"allow":["GET"]}}],"collection":[{"href":"https:\/\/www.libertaepersona.org\/wordpress\/wp-json\/wp\/v2\/posts"}],"about":[{"href":"https:\/\/www.libertaepersona.org\/wordpress\/wp-json\/wp\/v2\/types\/post"}],"author":[{"embeddable":true,"href":"https:\/\/www.libertaepersona.org\/wordpress\/wp-json\/wp\/v2\/users\/87"}],"replies":[{"embeddable":true,"href":"https:\/\/www.libertaepersona.org\/wordpress\/wp-json\/wp\/v2\/comments?post=132506"}],"version-history":[{"count":0,"href":"https:\/\/www.libertaepersona.org\/wordpress\/wp-json\/wp\/v2\/posts\/132506\/revisions"}],"wp:featuredmedia":[{"embeddable":true,"href":"https:\/\/www.libertaepersona.org\/wordpress\/wp-json\/wp\/v2\/media\/180050"}],"wp:attachment":[{"href":"https:\/\/www.libertaepersona.org\/wordpress\/wp-json\/wp\/v2\/media?parent=132506"}],"wp:term":[{"taxonomy":"category","embeddable":true,"href":"https:\/\/www.libertaepersona.org\/wordpress\/wp-json\/wp\/v2\/categories?post=132506"},{"taxonomy":"post_tag","embeddable":true,"href":"https:\/\/www.libertaepersona.org\/wordpress\/wp-json\/wp\/v2\/tags?post=132506"}],"curies":[{"name":"wp","href":"https:\/\/api.w.org\/{rel}","templated":true}]}}